{"id":30559,"date":"2014-05-30T10:12:16","date_gmt":"2014-05-30T13:12:16","guid":{"rendered":"http:\/\/aconteceunovale.com.br\/portal\/?p=30559"},"modified":"2014-05-30T10:12:16","modified_gmt":"2014-05-30T13:12:16","slug":"forum-apresenta-plano-de-desenvolvimento-regional-em-conceicao-do-mato-dentro","status":"publish","type":"post","link":"https:\/\/aconteceunovale.com.br\/portal\/?p=30559","title":{"rendered":"F\u00f3rum apresenta plano de desenvolvimento regional em Concei\u00e7\u00e3o do Mato Dentro"},"content":{"rendered":"<p>O F\u00f3rum de Debate sobre o Desenvolvimento do M\u00e9dio Espinha\u00e7o, que acontece na pr\u00f3xima semana em Concei\u00e7\u00e3o do Mato Dentro, vai apresentar o plano que visa estabelecer diretrizes para o desenvolvimento regional. <\/p>\n<p>Os estudos iniciados em 2013 adv\u00eam de uma demanda da Secretaria Estadual de Desenvolvimento Regional e Pol\u00edtica Urbana, preocupada em evitar os impactos negativos da minera\u00e7\u00e3o e aproveitar o que de positivo est\u00e1 sendo oferecido pela atividade miner\u00e1ria.<\/p>\n<p>De acordo com o Dr. Alisson Barbieri, professor da UFMG \u2013 Universidade Federal de Minas Gerais, institui\u00e7\u00e3o que com a parceria do CEDEPLAR \u2013 Centro de Desenvolvimento e Planejamento Regional de Minas Gerais est\u00e3o desenvolvendo o Plano de Desenvolvimento para o M\u00e9dio Espinha\u00e7o, os estudos contemplam tanto o diagn\u00f3stico quanto o progn\u00f3stico de diferentes cen\u00e1rios como o econ\u00f4mico, demogr\u00e1fico, de press\u00e3o urbana, etc. \u201cO objetivo \u00e9 promover um desenvolvimento s\u00f3cio ambientalmente inclusivo\u201d, disse Barbieri.<\/p>\n<p>No f\u00f3rum ser\u00e1 apresentado o primeiro esbo\u00e7o das propostas, com ampla discuss\u00e3o com as autoridades municipais e a sociedade. Ser\u00e3o colhidas novas sugest\u00f5es a fim de refinar os estudos e dar seguimento ao plano de modo que toda a regi\u00e3o seja beneficiada.<\/p>\n<h4><strong>Plano Diretor<\/strong><\/h4>\n<p>Ainda segundo o Dr. Barbieri, a fase de revis\u00e3o do plano diretor de Concei\u00e7\u00e3o do Mato Dentro \u00e9 bastante prop\u00edcia para este debate. Para ele, a articula\u00e7\u00e3o dos planos diretores ao plano regional \u00e9 a chave para se criar harmonia entre os munic\u00edpios sem causar disparidades nos seus desenvolvimentos.<\/p>\n<h4><strong>Servi\u00e7o<\/strong><\/h4>\n<p>F\u00f3rum sobre Debate do Desenvolvimento do M\u00e9dio Espinha\u00e7o<br \/>\nData: 02 e 03 de junho de 2014<br \/>\nLocal: Avenida JK, 380 (C\u00e2mara Municipal)<br \/>\nHora: dia 02 das 13h \u00e0s 17h; dia 03 das 8h \u00e0s 16h<\/p>\n","protected":false},"excerpt":{"rendered":"<p>O F\u00f3rum de Debate sobre o Desenvolvimento do M\u00e9dio Espinha\u00e7o, que acontece na pr\u00f3xima semana em Concei\u00e7\u00e3o do Mato Dentro, vai apresentar o plano que visa estabelecer diretrizes para o desenvolvimento regional. Os estudos iniciados em 2013 adv\u00eam de uma demanda da Secretaria Estadual de Desenvolvimento Regional e Pol\u00edtica Urbana, preocupada em evitar os impactos [&hellip;]<\/p>\n","protected":false},"author":1,"featured_media":28144,"comment_status":"open","ping_status":"closed","sticky":false,"template":"","format":"standard","meta":{"amp_status":"","footnotes":""},"categories":[123],"tags":[628,8228,8229],"class_list":["post-30559","post","type-post","status-publish","format-standard","has-post-thumbnail","hentry","category-gerais","tag-conceicao-do-mato-dentro","tag-forum-apresenta-plano-de-desenvolvimento-regional-em-conceicao-do-mato-dentro","tag-forum-sobre-debate-do-desenvolvimento-do-medio-espinhaco"],"_links":{"self":[{"href":"https:\/\/aconteceunovale.com.br\/portal\/index.php?rest_route=\/wp\/v2\/posts\/30559","targetHints":{"allow":["GET"]}}],"collection":[{"href":"https:\/\/aconteceunovale.com.br\/portal\/index.php?rest_route=\/wp\/v2\/posts"}],"about":[{"href":"https:\/\/aconteceunovale.com.br\/portal\/index.php?rest_route=\/wp\/v2\/types\/post"}],"author":[{"embeddable":true,"href":"https:\/\/aconteceunovale.com.br\/portal\/index.php?rest_route=\/wp\/v2\/users\/1"}],"replies":[{"embeddable":true,"href":"https:\/\/aconteceunovale.com.br\/portal\/index.php?rest_route=%2Fwp%2Fv2%2Fcomments&post=30559"}],"version-history":[{"count":0,"href":"https:\/\/aconteceunovale.com.br\/portal\/index.php?rest_route=\/wp\/v2\/posts\/30559\/revisions"}],"wp:featuredmedia":[{"embeddable":true,"href":"https:\/\/aconteceunovale.com.br\/portal\/index.php?rest_route=\/wp\/v2\/media\/28144"}],"wp:attachment":[{"href":"https:\/\/aconteceunovale.com.br\/portal\/index.php?rest_route=%2Fwp%2Fv2%2Fmedia&parent=30559"}],"wp:term":[{"taxonomy":"category","embeddable":true,"href":"https:\/\/aconteceunovale.com.br\/portal\/index.php?rest_route=%2Fwp%2Fv2%2Fcategories&post=30559"},{"taxonomy":"post_tag","embeddable":true,"href":"https:\/\/aconteceunovale.com.br\/portal\/index.php?rest_route=%2Fwp%2Fv2%2Ftags&post=30559"}],"curies":[{"name":"wp","href":"https:\/\/api.w.org\/{rel}","templated":true}]}}