{"id":30549,"date":"2014-05-30T09:48:56","date_gmt":"2014-05-30T12:48:56","guid":{"rendered":"http:\/\/aconteceunovale.com.br\/portal\/?p=30549"},"modified":"2014-05-30T09:48:56","modified_gmt":"2014-05-30T12:48:56","slug":"manifestantes-bloqueiam-rodovia-em-barao-de-cocais","status":"publish","type":"post","link":"https:\/\/aconteceunovale.com.br\/portal\/?p=30549","title":{"rendered":"Manifestantes bloqueiam rodovia em Bar\u00e3o de Cocais"},"content":{"rendered":"<p>Manifestantes fecham, desde as 5h30 desta sexta-feira, 30 de maio, a MG-436, que liga Bar\u00e3o de Cocais \u00e0 BR-381. Segundo informa\u00e7\u00f5es de testemunhas, um grupo de pessoas bloqueou a pista com pneus e madeira, em frente ao Centro de Distribui\u00e7\u00e3o da Vale, na entrada da cidade. <\/p>\n<p>O motivo do protesto seria uma ordem de reintegra\u00e7\u00e3o de posse. Os manifestantes invadiram um terreno da Prefeitura de Bar\u00e3o de Cocais na \u00e9poca da campanha eleitoral, em 2012, sob a promessa de que ficariam com o terreno.<\/p>\n<p>Eles constru\u00edram as casas, mas agora receberam a ordem para deixar o local. Inconformados, cerca de 60 moradores est\u00e3o reivindicando a presen\u00e7a do prefeito Armando Verdolin para negocia\u00e7\u00e3o.<\/p>\n<p>O protesto causa congestionamentos de mais de 7 km nos dois sentidos da rodovia. A Pol\u00edcia Militar tenta um acordo com os manifestantes para libera\u00e7\u00e3o da estrada. <\/p>\n<p><img decoding=\"async\" src=\"http:\/\/aconteceunovale.com.br\/portal\/wp-content\/uploads\/2014\/05\/rodovia_barao_cocais_fechada_30_05.jpg\" alt=\"\" \/><\/p>\n<p><img decoding=\"async\" src=\"http:\/\/aconteceunovale.com.br\/portal\/wp-content\/uploads\/2014\/05\/rodovia_barao_cocais_fechada_30_05_1.jpg\" alt=\"\" \/><\/p>\n<p>(Fotos e informa\u00e7\u00f5es: \u00daltima Not\u00edcia \/ DeFato)<\/p>\n","protected":false},"excerpt":{"rendered":"<p>Manifestantes fecham, desde as 5h30 desta sexta-feira, 30 de maio, a MG-436, que liga Bar\u00e3o de Cocais \u00e0 BR-381. Segundo informa\u00e7\u00f5es de testemunhas, um grupo de pessoas bloqueou a pista com pneus e madeira, em frente ao Centro de Distribui\u00e7\u00e3o da Vale, na entrada da cidade. O motivo do protesto seria uma ordem de reintegra\u00e7\u00e3o [&hellip;]<\/p>\n","protected":false},"author":1,"featured_media":30551,"comment_status":"open","ping_status":"closed","sticky":false,"template":"","format":"standard","meta":{"amp_status":"","footnotes":""},"categories":[123],"tags":[1525,8224],"class_list":["post-30549","post","type-post","status-publish","format-standard","has-post-thumbnail","hentry","category-gerais","tag-barao-de-cocais","tag-manifestantes-bloqueiam-rodovia-em-barao-de-cocais"],"_links":{"self":[{"href":"https:\/\/aconteceunovale.com.br\/portal\/index.php?rest_route=\/wp\/v2\/posts\/30549","targetHints":{"allow":["GET"]}}],"collection":[{"href":"https:\/\/aconteceunovale.com.br\/portal\/index.php?rest_route=\/wp\/v2\/posts"}],"about":[{"href":"https:\/\/aconteceunovale.com.br\/portal\/index.php?rest_route=\/wp\/v2\/types\/post"}],"author":[{"embeddable":true,"href":"https:\/\/aconteceunovale.com.br\/portal\/index.php?rest_route=\/wp\/v2\/users\/1"}],"replies":[{"embeddable":true,"href":"https:\/\/aconteceunovale.com.br\/portal\/index.php?rest_route=%2Fwp%2Fv2%2Fcomments&post=30549"}],"version-history":[{"count":0,"href":"https:\/\/aconteceunovale.com.br\/portal\/index.php?rest_route=\/wp\/v2\/posts\/30549\/revisions"}],"wp:featuredmedia":[{"embeddable":true,"href":"https:\/\/aconteceunovale.com.br\/portal\/index.php?rest_route=\/wp\/v2\/media\/30551"}],"wp:attachment":[{"href":"https:\/\/aconteceunovale.com.br\/portal\/index.php?rest_route=%2Fwp%2Fv2%2Fmedia&parent=30549"}],"wp:term":[{"taxonomy":"category","embeddable":true,"href":"https:\/\/aconteceunovale.com.br\/portal\/index.php?rest_route=%2Fwp%2Fv2%2Fcategories&post=30549"},{"taxonomy":"post_tag","embeddable":true,"href":"https:\/\/aconteceunovale.com.br\/portal\/index.php?rest_route=%2Fwp%2Fv2%2Ftags&post=30549"}],"curies":[{"name":"wp","href":"https:\/\/api.w.org\/{rel}","templated":true}]}}