{"id":30509,"date":"2014-05-29T22:47:20","date_gmt":"2014-05-30T01:47:20","guid":{"rendered":"http:\/\/aconteceunovale.com.br\/portal\/?p=30509"},"modified":"2014-05-29T22:47:20","modified_gmt":"2014-05-30T01:47:20","slug":"helicoptero-com-equipamentos-de-ultima-geracao-reforca-atendimento-aeromedico-em-minas","status":"publish","type":"post","link":"https:\/\/aconteceunovale.com.br\/portal\/?p=30509","title":{"rendered":"Helic\u00f3ptero com equipamentos de \u00faltima gera\u00e7\u00e3o refor\u00e7a atendimento aerom\u00e9dico em Minas"},"content":{"rendered":"<h4><strong>Aeronave, a primeira do pa\u00eds com esta configura\u00e7\u00e3o, come\u00e7a a atuar na Copa do Mundo, junto com outras seis que ir\u00e3o operar em todas as regi\u00f5es do estado<\/strong><\/h4>\n<p><iframe loading=\"lazy\" width=\"640\" height=\"360\" src=\"\/\/www.youtube.com\/embed\/Kf55raZBSzg\" frameborder=\"0\" allowfullscreen><\/iframe><br \/>\n<\/br><\/p>\n<p>O secret\u00e1rio de Estado de Sa\u00fade de Minas Gerais, Jos\u00e9 Geraldo de Oliveira Prado, e o chefe do Estado-Maior e subcomandante do Corpo de Bombeiros Militar de Minas Gerais, coronel Ezequiel Silva, participaram, nesta quinta-feira (29\/05), no Batalh\u00e3o de Opera\u00e7\u00f5es A\u00e9reas (Aeroporto da Pampulha), da cerim\u00f4nia de entrega do primeiro helic\u00f3ptero biturbina dos seis que ser\u00e3o adquiridos pelo Governo de Minas para o atendimento aerom\u00e9dico no Estado. O equipamento \u00e9 o primeiro do pa\u00eds deste modelo e com esta configura\u00e7\u00e3o, preparado para atendimento aerom\u00e9dico, segundo a Helibr\u00e1s.<\/p>\n<p>O helic\u00f3ptero ser\u00e1 utilizado na Copa do Mundo para o transporte de pacientes mais graves at\u00e9 os hospitais de refer\u00eancia. Depois do Mundial, o ve\u00edculo ser\u00e1 integrado ao servi\u00e7o aerom\u00e9dico criado pela Secretaria de Estado de Sa\u00fade (SES-MG) e pelo Corpo de Bombeiros Militar de Minas Gerais, que ficar\u00e1 respons\u00e1vel por sua operacionaliza\u00e7\u00e3o.<\/p>\n<p>Na aquisi\u00e7\u00e3o da aeronave, modelo EC 145, foram investidos cerca de R$ 35 milh\u00f5es. Na ocasi\u00e3o foi entregue tamb\u00e9m a Unidade M\u00f3vel de Regula\u00e7\u00e3o que ir\u00e1 fazer a comunica\u00e7\u00e3o entre o local do acidente (evento com m\u00faltiplas v\u00edtimas), hospitais, centrais operativas do Servi\u00e7o M\u00e9dico de Urg\u00eancia (SAM) e outros servi\u00e7os de urg\u00eancia e emerg\u00eancia. As unidades ir\u00e3o integrar as Redes de Urg\u00eancia e Emerg\u00eancia do Estado de Minas Gerais.<\/p>\n<p>O secret\u00e1rio de Sa\u00fade, Jos\u00e9 Geraldo Prado, destacou a import\u00e2ncia dos investimentos do Governo de Minas no equipamento. \u201cEssa \u00e9 uma conquista muito importante para os cidad\u00e3os mineiros, \u00e9 uma mudan\u00e7a no nosso padr\u00e3o de atendimento. Com a aquisi\u00e7\u00e3o desse helic\u00f3ptero e da Unidade M\u00f3vel de Regula\u00e7\u00e3o, juntamente com a parceria com o Corpo de Bombeiros Militar, Minas d\u00e1 um salto \u00e0 frente na presta\u00e7\u00e3o de atendimento \u00e0 sa\u00fade dos mineiros. O EC 145 \u00e9 o primeiro helic\u00f3ptero com essa composi\u00e7\u00e3o no Brasil e, com isso, nosso Estado passa a ter um equipamento capaz de fazer a diferen\u00e7a no salvamento de vidas e no enfrentamento de situa\u00e7\u00f5es de emerg\u00eancia, explicou\u201d.<\/p>\n<p>Segundo o coordenador estadual de Urg\u00eancia e Emerg\u00eancia, Ras\u00edvel Reis, depois do Mundial, a aeronave ser\u00e1 integrada ao servi\u00e7o aerom\u00e9dico criado pela SES-MG e pelo Corpo de Bombeiros. \u201cEssa unidade representa todo o trabalho que est\u00e1 sendo desenvolvido pelo Governo de Minas ao longo desses anos. Ser\u00e3o 12 Redes de Urg\u00eancia e Emerg\u00eancia no Estado e o desenho de todos os SAMU de Minas Gerais j\u00e1 est\u00e1 sendo finalizado. Ao todo, ser\u00e3o 360 Unidades de Suporte B\u00e1sico (USB) e 87 Unidades de Suporte Avan\u00e7ado (USA) para cobrir os 20 milh\u00f5es de habitantes e os 853 munic\u00edpios e seus distritos. Com esse componente aerom\u00e9dico, ser\u00e1 poss\u00edvel atender os cidad\u00e3os mineiros em locais onde antes existiam vazios assistenciais\u201d, observou.<\/p>\n<p>\u201cO nosso foco \u00e9 no atendimento do cidad\u00e3o mineiro. Com esses avan\u00e7os, Minas ganha visibilidade internacional. E mais do que isso, a popula\u00e7\u00e3o do Estado ter\u00e1 a sua disposi\u00e7\u00e3o, seja na sa\u00fade, na seguran\u00e7a, na mobilidade urbana ou no seu dia-a-dia, as conquistas nestas \u00e1reas que v\u00e3o  al\u00e9m da Copa do Mundo\u201d, finalizou o secret\u00e1rio de Estado de Turismo e Esportes, Tiago Lacerda.<\/p>\n<p><img decoding=\"async\" src=\"http:\/\/aconteceunovale.com.br\/portal\/wp-content\/uploads\/2014\/05\/helicoptero-para-atendimento-aeromedico-foi-apresentado-nesta-quinta-feira-em-belo-horizonte_4.jpg\" alt=\"\" \/><em><strong>Helic\u00f3ptero para atendimento aerom\u00e9dico foi apresentado nesta quinta-feira, em Belo Horizonte &#8211; foto: Henrique Chendes<\/strong><\/em><br \/>\n<\/br><\/p>\n<h4><strong>Parceria na operacionaliza\u00e7\u00e3o do EC-145<\/strong><\/h4>\n<p>Segundo o chefe do Estado-Maior do Corpo de Bombeiros, coronel Ezequiel Silva, o helic\u00f3ptero ser\u00e1 tripulado por Bombeiros do Batalh\u00e3o de Opera\u00e7\u00f5es A\u00e9reas e por uma equipe m\u00e9dica do SAMU, que permanece de plant\u00e3o no hangar para agilizar os atendimentos. \u201cA aeronave refor\u00e7ar\u00e1 as atividades de resgate do Corpo de Bombeiros no Estado. Para operar o EC-145, os pilotos passaram por v\u00e1rias capacita\u00e7\u00f5es. Na semana passada, os pilotos foram treinados com padr\u00e3o internacional nos Estados Unidos. A aeronave ir\u00e1 compor a frota ao lado dos dois helic\u00f3pteros Arcanjo que j\u00e1 atendem \u00e0s emerg\u00eancias em todo o Estado. Durante os jogos da Copa em Belo Horiozonte, o EC-145 ir\u00e1 ficar de prontid\u00e3o no Mineir\u00e3o e os outros dois helic\u00f3pteros ficar\u00e3o na Fan Fest e no hangar do Batalh\u00e3o de Opera\u00e7\u00f5es A\u00e9reas, respectivamente\u201d, disse.<\/p>\n<p>O EC 145 tem capacidade para at\u00e9 dez pessoas (1 piloto, 1 co-piloto e 8 passageiros). Na configura\u00e7\u00e3o aerom\u00e9dica, a aeronave tem capacidade para transportar duas macas com dois pacientes, m\u00e9dico, enfermeiro, tripulante operacional dos Bombeiros, um piloto e um co-piloto. O helic\u00f3ptero est\u00e1 equipado com o mais moderno kit aerom\u00e9dico dispon\u00edvel no mercado mundial, utilizado pelos maiores operadores do segmento de sa\u00fade nos Estados Unidos e Europa. A compatibiliza\u00e7\u00e3o dos equipamentos m\u00e9dicos da SES-MG foi realizada no Brasil pela Helibr\u00e1s.<\/p>\n<p>Entre os sistemas instalados na aeronave est\u00e3o equipamentos de tecnologia avan\u00e7ada, dispositivo para rapel, duplo comando, farol de busca e pouso, sistema de diminui\u00e7\u00e3o de ru\u00eddos e sistema autom\u00e1tico de controle de voo. Tamb\u00e9m foram realizados pelas equipes brasileiras da Helibr\u00e1s os ensaios de voo na pista da empresa.<\/p>\n<p>Al\u00e9m do atendimento inter-hospitalar, a aeronave ser\u00e1 destinada ao atendimento prim\u00e1rio e secund\u00e1rio e \u00e9 totalmente equipado para prover Suporte Avan\u00e7ado de Vida, al\u00e9m de transporte de \u00f3rg\u00e3os e tecidos para transplantes e apoio \u00e0 For\u00e7a Estadual de Sa\u00fade em casos de cat\u00e1strofes no territ\u00f3rio mineiro. <\/p>\n<p>A SES-MG j\u00e1 est\u00e1 trabalhando para a constru\u00e7\u00e3o de helipontos nos hospitais que atendam ao porte das aeronaves, favorecendo a chegada direta nestas unidades de sa\u00fade, o que \u00e9 um fator importante na organiza\u00e7\u00e3o do sistema de urg\u00eancia e emerg\u00eancia. Todas as redes do Estado estar\u00e3o interligadas pelas aeronaves por meio da parceria entre a SES e o Corpo de Bombeiros, que de acordo com o subcomandante da corpora\u00e7\u00e3o em Minas, Ivan Gamaliel Pinto, j\u00e1 dura dois anos.<\/p>\n<h4><strong>Caminh\u00e3o Regulador<\/strong><\/h4>\n<p>A Unidade M\u00f3vel de Regula\u00e7\u00e3o, tamb\u00e9m entregue nesta quinta-feira (29\/05) aos \u00f3rg\u00e3os do Estado, \u00e9 um caminh\u00e3o totalmente adaptado que ir\u00e1 permitir a comunica\u00e7\u00e3o entre o local do acidente (evento com m\u00faltiplas v\u00edtimas), hospitais, centrais operativas do Servi\u00e7o M\u00e9dico de Urg\u00eancia (SAM) e outros servi\u00e7os de urg\u00eancia e emerg\u00eancia.<\/p>\n<p>O ve\u00edculo ser\u00e1 utilizado como centro de coordena\u00e7\u00e3o e regula\u00e7\u00e3o m\u00f3vel em sa\u00fade para utiliza\u00e7\u00e3o em situa\u00e7\u00f5es de emerg\u00eancia e\/ou desastres e calamidades p\u00fablicas e em grandes eventos como a Copa do Mundo ou para atuar em eventos catastr\u00f3ficos, desastres ou situa\u00e7\u00f5es de m\u00faltiplas v\u00edtimas. Adaptado com sistemas de radiocomunica\u00e7\u00e3o e de dados, o ve\u00edculo ter\u00e1 14 r\u00e1dios port\u00e1teis, mas ter\u00e1 capacidade de at\u00e9 40 r\u00e1dios com carregadores para todos eles.<\/p>\n<p><img decoding=\"async\" src=\"http:\/\/aconteceunovale.com.br\/portal\/wp-content\/uploads\/2014\/05\/unidade-movel-de-regulacao-permite-a-comunicacao-entre-diversos-locais-envolvidos-em-um-acidente.jpg\" alt=\"\" \/><em><strong>Unidade M\u00f3vel de Regula\u00e7\u00e3o permite a comunica\u00e7\u00e3o entre diversos locais envolvidos em um acidente &#8211; Foto: Henrique Chendes<\/strong><\/em><\/p>\n","protected":false},"excerpt":{"rendered":"<p>Aeronave, a primeira do pa\u00eds com esta configura\u00e7\u00e3o, come\u00e7a a atuar na Copa do Mundo, junto com outras seis que ir\u00e3o operar em todas as regi\u00f5es do estado O secret\u00e1rio de Estado de Sa\u00fade de Minas Gerais, Jos\u00e9 Geraldo de Oliveira Prado, e o chefe do Estado-Maior e subcomandante do Corpo de Bombeiros Militar de [&hellip;]<\/p>\n","protected":false},"author":1,"featured_media":30510,"comment_status":"open","ping_status":"closed","sticky":false,"template":"","format":"standard","meta":{"amp_status":"","footnotes":""},"categories":[123],"tags":[1018,8206],"class_list":["post-30509","post","type-post","status-publish","format-standard","has-post-thumbnail","hentry","category-gerais","tag-destaque","tag-helicoptero-com-equipamentos-de-ultima-geracao-reforca-atendimento-aeromedico-em-minas"],"_links":{"self":[{"href":"https:\/\/aconteceunovale.com.br\/portal\/index.php?rest_route=\/wp\/v2\/posts\/30509","targetHints":{"allow":["GET"]}}],"collection":[{"href":"https:\/\/aconteceunovale.com.br\/portal\/index.php?rest_route=\/wp\/v2\/posts"}],"about":[{"href":"https:\/\/aconteceunovale.com.br\/portal\/index.php?rest_route=\/wp\/v2\/types\/post"}],"author":[{"embeddable":true,"href":"https:\/\/aconteceunovale.com.br\/portal\/index.php?rest_route=\/wp\/v2\/users\/1"}],"replies":[{"embeddable":true,"href":"https:\/\/aconteceunovale.com.br\/portal\/index.php?rest_route=%2Fwp%2Fv2%2Fcomments&post=30509"}],"version-history":[{"count":0,"href":"https:\/\/aconteceunovale.com.br\/portal\/index.php?rest_route=\/wp\/v2\/posts\/30509\/revisions"}],"wp:featuredmedia":[{"embeddable":true,"href":"https:\/\/aconteceunovale.com.br\/portal\/index.php?rest_route=\/wp\/v2\/media\/30510"}],"wp:attachment":[{"href":"https:\/\/aconteceunovale.com.br\/portal\/index.php?rest_route=%2Fwp%2Fv2%2Fmedia&parent=30509"}],"wp:term":[{"taxonomy":"category","embeddable":true,"href":"https:\/\/aconteceunovale.com.br\/portal\/index.php?rest_route=%2Fwp%2Fv2%2Fcategories&post=30509"},{"taxonomy":"post_tag","embeddable":true,"href":"https:\/\/aconteceunovale.com.br\/portal\/index.php?rest_route=%2Fwp%2Fv2%2Ftags&post=30509"}],"curies":[{"name":"wp","href":"https:\/\/api.w.org\/{rel}","templated":true}]}}