{"id":30493,"date":"2014-05-29T16:35:28","date_gmt":"2014-05-29T19:35:28","guid":{"rendered":"http:\/\/aconteceunovale.com.br\/portal\/?p=30493"},"modified":"2014-05-29T16:36:16","modified_gmt":"2014-05-29T19:36:16","slug":"governo-inaugura-unidades-da-uaitec-em-jequitinhonha-e-salinas","status":"publish","type":"post","link":"https:\/\/aconteceunovale.com.br\/portal\/?p=30493","title":{"rendered":"Governo inaugura unidades da Uaitec em Jequitinhonha e Salinas"},"content":{"rendered":"<h4><strong>Secretaria de Ci\u00eancia, Tecnologia e Ensino Superior inaugura, no pr\u00f3ximo fim de semana, mais duas unidades da Universidade Aberta e Integrada de Minas<\/strong><\/h4>\n<p>O Governo de Minas, por meio da Secretaria de Estado de Ci\u00eancia, Tecnologia e Ensino Superior (Sectes), inaugura duas novas unidades da Universidade Aberta e Integrada de Minas Gerais (Uaitec) no Vale do Jequitinhonha. Nesta sexta-feira (30\/05), \u00e0s 16h, a popula\u00e7\u00e3o de Jequitinhonha come\u00e7a a ter acesso a ensino superior p\u00fablico e gratuito \u00e0 dist\u00e2ncia e a cursos de forma\u00e7\u00e3o e qualifica\u00e7\u00e3o profissional. No s\u00e1bado (31\/05), o secret\u00e1rio da Sectes Narcio Rodrigues inaugura a unidade de Salinas, \u00e0s 11h. Durante esta semana, as cidades de Rio Pardo de Minas, Monte Azul, Montalv\u00e2nia e Bocai\u00fava, todas na regi\u00e3o Norte, tamb\u00e9m receberam seus polos.<\/p>\n<p>Nas cidades de Jequitinhonha e Salinas, o secret\u00e1rio Narcio apresentar\u00e1 o conte\u00fado did\u00e1tico dos cursos oferecidos pela Universidade Aberta. Por meio do programa, os moradores das regi\u00f5es ter\u00e3o acesso a uma variedade de cursos. Os alunos devidamente inscritos ter\u00e3o a oportunidade de estudar nas melhores universidades do mundo, como MIT, Berkeley e Stanford. Essa ferramenta somente foi poss\u00edvel devido \u00e0 aposta da Sectes nos MOOCs &#8211; Cursos Abertos e Online, que oferecem aulas sem encontros presenciais, feitas inteiramente pela internet. Um acordo com a Veduca, institui\u00e7\u00e3o de ensino \u00e0 dist\u00e2ncia do pa\u00eds, est\u00e1 permitindo a novidade.<\/p>\n<p>Outra inova\u00e7\u00e3o realizada pela rede \u00e9 o MBA em Engenharia e Inova\u00e7\u00e3o, onde o processo de aprendizagem \u00e9 online com avalia\u00e7\u00f5es presenciais peri\u00f3dicas, realizadas nos polos. Tamb\u00e9m est\u00e3o sendo oferecidos \u00e0 popula\u00e7\u00e3o cursos de idiomas (portugu\u00eas e espanhol) e Tecnologia da Informa\u00e7\u00e3o (vocepontocom, profissionalemtipontocom e professorpontocom). Em agosto, ser\u00e3o ofertados seis cursos de gradua\u00e7\u00e3o tecnol\u00f3gica, cuja dura\u00e7\u00e3o ser\u00e1 de tr\u00eas anos. O edital do vestibular est\u00e1 sendo elaborado pela Universidade Estadual de Montes Claros (Unimontes).<\/p>\n<h4><strong>Espa\u00e7o Mem\u00f3ria<\/strong><\/h4>\n<p>Em cada uma das unidades da rede Uaitec, a Sectes destina um espa\u00e7o cultural, com o objetivo de homenagear uma personalidade do munic\u00edpio ligada \u00e0 educa\u00e7\u00e3o, \u00e0 cultura ou \u00e0 produ\u00e7\u00e3o do conhecimento. Em Jequitinhonha, a homenagem ser\u00e1 feita ao Vale do Jequitinhonha, famoso por suas belezas naturais. Em Salinas, a homenagem ser\u00e1 feita ao jogador e t\u00e9cnico de futebol Proc\u00f3pio Cardoso.<\/p>\n<h4><strong>Servi\u00e7o<\/strong><\/h4>\n<p><strong>Inaugura\u00e7\u00e3o da Uaitec Jequitinhonha<\/strong><\/p>\n<p>Data: 30 de maio de 2014 &#8211; Sexta-feira<\/p>\n<p>Local: Rua coronel Ramiro Pereira, 228 &#8211; Centro<\/p>\n<p>Hor\u00e1rio: 16h<\/p>\n<p><strong>Inaugura\u00e7\u00e3o da Uaitec Salinas<\/strong><\/p>\n<p>Data: 31 de maio de 2014 &#8211; S\u00e1bado<\/p>\n<p>Local: Rua Saint Clair de Brito, 150 \u2013 Bairro Raquel<\/p>\n<p>Hor\u00e1rio: 11h<\/p>\n","protected":false},"excerpt":{"rendered":"<p>Secretaria de Ci\u00eancia, Tecnologia e Ensino Superior inaugura, no pr\u00f3ximo fim de semana, mais duas unidades da Universidade Aberta e Integrada de Minas O Governo de Minas, por meio da Secretaria de Estado de Ci\u00eancia, Tecnologia e Ensino Superior (Sectes), inaugura duas novas unidades da Universidade Aberta e Integrada de Minas Gerais (Uaitec) no Vale [&hellip;]<\/p>\n","protected":false},"author":1,"featured_media":26352,"comment_status":"open","ping_status":"closed","sticky":false,"template":"","format":"standard","meta":{"amp_status":"","footnotes":""},"categories":[123],"tags":[8196,8197,8199,8198,190,206030],"class_list":["post-30493","post","type-post","status-publish","format-standard","has-post-thumbnail","hentry","category-gerais","tag-estado-leva-ensino-superior-gratuito-a-distancia-para-o-vale-do-jequitinhonha-e-norte-de-minas","tag-governo-inaugura-unidades-da-uaitec-em-jequitinhonha-e-salinas","tag-inauguracao-da-uaitec-jequitinhonha","tag-inauguracao-da-uaitec-salinas","tag-salinas","tag-jequi"],"_links":{"self":[{"href":"https:\/\/aconteceunovale.com.br\/portal\/index.php?rest_route=\/wp\/v2\/posts\/30493","targetHints":{"allow":["GET"]}}],"collection":[{"href":"https:\/\/aconteceunovale.com.br\/portal\/index.php?rest_route=\/wp\/v2\/posts"}],"about":[{"href":"https:\/\/aconteceunovale.com.br\/portal\/index.php?rest_route=\/wp\/v2\/types\/post"}],"author":[{"embeddable":true,"href":"https:\/\/aconteceunovale.com.br\/portal\/index.php?rest_route=\/wp\/v2\/users\/1"}],"replies":[{"embeddable":true,"href":"https:\/\/aconteceunovale.com.br\/portal\/index.php?rest_route=%2Fwp%2Fv2%2Fcomments&post=30493"}],"version-history":[{"count":0,"href":"https:\/\/aconteceunovale.com.br\/portal\/index.php?rest_route=\/wp\/v2\/posts\/30493\/revisions"}],"wp:featuredmedia":[{"embeddable":true,"href":"https:\/\/aconteceunovale.com.br\/portal\/index.php?rest_route=\/wp\/v2\/media\/26352"}],"wp:attachment":[{"href":"https:\/\/aconteceunovale.com.br\/portal\/index.php?rest_route=%2Fwp%2Fv2%2Fmedia&parent=30493"}],"wp:term":[{"taxonomy":"category","embeddable":true,"href":"https:\/\/aconteceunovale.com.br\/portal\/index.php?rest_route=%2Fwp%2Fv2%2Fcategories&post=30493"},{"taxonomy":"post_tag","embeddable":true,"href":"https:\/\/aconteceunovale.com.br\/portal\/index.php?rest_route=%2Fwp%2Fv2%2Ftags&post=30493"}],"curies":[{"name":"wp","href":"https:\/\/api.w.org\/{rel}","templated":true}]}}