{"id":30490,"date":"2014-05-29T16:30:29","date_gmt":"2014-05-29T19:30:29","guid":{"rendered":"http:\/\/aconteceunovale.com.br\/portal\/?p=30490"},"modified":"2014-05-29T16:30:29","modified_gmt":"2014-05-29T19:30:29","slug":"programa-fica-vivo-promove-festival-de-musica-em-governador-valadares","status":"publish","type":"post","link":"https:\/\/aconteceunovale.com.br\/portal\/?p=30490","title":{"rendered":"Programa &#8220;Fica Vivo!&#8221; promove festival de m\u00fasica em Governador Valadares"},"content":{"rendered":"<h4><strong>Evento visa incentivar envolvimento dos jovens tanto nas quest\u00f5es culturais e art\u00edsticas, quanto na constru\u00e7\u00e3o de solu\u00e7\u00f5es para os problemas da criminalidade<\/strong><\/h4>\n<p><img decoding=\"async\" src=\"http:\/\/aconteceunovale.com.br\/portal\/wp-content\/uploads\/2014\/05\/programa-fica-vivo-promove-festival-de-musica-em-governador-valadares.jpg\" alt=\"\" \/><em><strong>Jovens que v\u00e3o participar do evento neste s\u00e1bado integraram oficina de m\u00fasica do Fica Vivo!<\/strong><\/em><br \/>\n<\/br><\/p>\n<p>Um festival de m\u00fasica com can\u00e7\u00f5es produzidas especialmente por jovens em situa\u00e7\u00e3o de vulnerabilidade social. Este \u00e9 o evento que ser\u00e1 realizado neste s\u00e1bado (31\/05), em Governador Valadares, no Centro de Preven\u00e7\u00e3o \u00e0 Criminalidade do bairro Turmalina. A iniciativa \u00e9 da equipe do programa Fica Vivo!, que oferece oficinas voltadas para o esporte, a arte e a cultura para jovens de 12 a 24 anos em situa\u00e7\u00e3o de risco social.<\/p>\n<p>Iago Andrade e V\u00edtor Gomes est\u00e3o entre os que compuseram m\u00fasicas e participar\u00e3o do festival, chamado de \u201cFica Vivo! na Pista\u201d. A can\u00e7\u00e3o dos adolescentes aborda a quest\u00e3o das drogas e eles est\u00e3o confiantes. \u201c\u00c9 uma m\u00fasica muito boa de ouvir, tocar e cantar\u201d, garante Iago.  Ele participa das oficinas do Fica Vivo! desde meados de 2013. \u201cQueria aprender a tocar viol\u00e3o, ent\u00e3o entrei para a oficina. Tenho colegas que j\u00e1 tocam bem, mas eu estou aprendendo ainda\u201d, relata o jovem de 13 anos. Iago \u00e9 tio de V\u00edtor, de 12 anos, e foi quem o incentivou. \u201cMeu tio falou comigo do Fica Vivo! e eu comecei a participar no in\u00edcio deste ano. Achava que seria chato, mas fui me envolvendo e agora acho \u00f3timo\u201d, diz. V\u00edtor tamb\u00e9m faz aula de viol\u00e3o e \u00e9 quem vai apresentar a m\u00fasica da dupla no festival. <\/p>\n<p>Segundo a gestora dos Centros de Preven\u00e7\u00e3o \u00e0 Criminalidade de Governador Valadares, Marcelina Martins Alves, o festival tem como objetivo promover o envolvimento dos jovens tanto nas quest\u00f5es culturais e art\u00edsticas, quanto na constru\u00e7\u00e3o de solu\u00e7\u00f5es para os problemas da viol\u00eancia e criminalidade. \u201cCriamos um espa\u00e7o de competi\u00e7\u00e3o saud\u00e1vel entre a juventude local, possibilitando o di\u00e1logo sobre a constru\u00e7\u00e3o de respostas diferentes aos conflitos que existem nessas comunidades. Al\u00e9m de proporcionar momentos de lazer e intera\u00e7\u00e3o, fomentar a criatividade e facilitar o di\u00e1logo com os jovens atrav\u00e9s da m\u00fasica\u201d, destaca.<\/p>\n<p>Nelson Eloi dos Santos, oficineiro do Fica Vivo!, orientou um grupo de alunos na composi\u00e7\u00e3o de uma das m\u00fasicas que ser\u00e3o apresentadas no festival e conta como foi o processo. \u201cDiscutimos com os jovens a proposta e, em princ\u00edpio, eles acharam que seria muito dif\u00edcil. Ent\u00e3o come\u00e7amos a trabalhar aos poucos, fazendo jogos de palavras e a cada semana escrev\u00edamos uma estrofe\u201d, lembra. A m\u00fasica ser\u00e1 apresentada por tr\u00eas jovens e trata da realidade da comunidade.  <\/p>\n<h4><strong>Atua\u00e7\u00e3o desde 2006<\/strong><\/h4>\n<p>O Fica Vivo! \u00e9 uma iniciativa do Governo de Minas, sob a gest\u00e3o da Secretaria de Estado de Defesa Social (Seds), e foi implantado em Governador Valadares em 2006. Inicialmente, o programa foi instalado no bairro Turmalina e, desde 2008, atua tamb\u00e9m no bairro Planalto.<\/p>\n<p>A iniciativa tem como objetivo controlar e prevenir a ocorr\u00eancia de homic\u00eddios dolosos em \u00e1reas com altos \u00edndices de criminalidade violenta em Minas, melhorando a qualidade de vida da popula\u00e7\u00e3o. Criado em 2003, o programa se baseia em dois eixos de atua\u00e7\u00e3o, interven\u00e7\u00e3o estrat\u00e9gica e prote\u00e7\u00e3o social, e oferece oficinas para os jovens das comunidades onde atua. Os focos das oficinas s\u00e3o a preven\u00e7\u00e3o \u00e0 criminalidade, a potencializa\u00e7\u00e3o do acesso dos jovens aos servi\u00e7os e aos espa\u00e7os p\u00fablicos, o favorecimento da inser\u00e7\u00e3o e da participa\u00e7\u00e3o dos jovens em novas formas de grupos, a discuss\u00e3o de temas relacionados \u00e0 cidadania e aos direitos humanos e a cria\u00e7\u00e3o de espa\u00e7os de resolu\u00e7\u00e3o de conflitos e rivalidades.<\/p>\n<p>O Fica Vivo! \u00c9 desenvolvido, atualmente, em 31 Centros de Preven\u00e7\u00e3o \u00e0 Criminalidade em todo o Estado e, desde sua cria\u00e7\u00e3o, o programa realizou, em m\u00e9dia, 13 mil atendimentos por ano, reduzindo em 50% os \u00edndices de homic\u00eddio nas regi\u00f5es que abrange.<\/p>\n<h4><strong>Servi\u00e7o<\/strong><\/h4>\n<p>Evento: Festival de m\u00fasica \u201cFica Vivo! na Pista\u201d, em Governador Valadares<\/p>\n<p>Data: 31\/05\/14 &#8211; S\u00e1bado<\/p>\n<p>Hor\u00e1rio: 15h \u00e0s 19h<\/p>\n<p>Local: Centro de Preven\u00e7\u00e3o \u00e0 Criminalidade &#8211; Turmalina (Av. Coqueiral, 176 \u2013 Bairro Turmalina)  <\/p>\n","protected":false},"excerpt":{"rendered":"<p>Evento visa incentivar envolvimento dos jovens tanto nas quest\u00f5es culturais e art\u00edsticas, quanto na constru\u00e7\u00e3o de solu\u00e7\u00f5es para os problemas da criminalidade Jovens que v\u00e3o participar do evento neste s\u00e1bado integraram oficina de m\u00fasica do Fica Vivo! Um festival de m\u00fasica com can\u00e7\u00f5es produzidas especialmente por jovens em situa\u00e7\u00e3o de vulnerabilidade social. Este \u00e9 o [&hellip;]<\/p>\n","protected":false},"author":1,"featured_media":30491,"comment_status":"open","ping_status":"closed","sticky":false,"template":"","format":"standard","meta":{"amp_status":"","footnotes":""},"categories":[121],"tags":[247,8195],"class_list":["post-30490","post","type-post","status-publish","format-standard","has-post-thumbnail","hentry","category-leste","tag-governador-valadares","tag-programa-fica-vivo-promove-festival-de-musica-em-governador-valadares"],"_links":{"self":[{"href":"https:\/\/aconteceunovale.com.br\/portal\/index.php?rest_route=\/wp\/v2\/posts\/30490","targetHints":{"allow":["GET"]}}],"collection":[{"href":"https:\/\/aconteceunovale.com.br\/portal\/index.php?rest_route=\/wp\/v2\/posts"}],"about":[{"href":"https:\/\/aconteceunovale.com.br\/portal\/index.php?rest_route=\/wp\/v2\/types\/post"}],"author":[{"embeddable":true,"href":"https:\/\/aconteceunovale.com.br\/portal\/index.php?rest_route=\/wp\/v2\/users\/1"}],"replies":[{"embeddable":true,"href":"https:\/\/aconteceunovale.com.br\/portal\/index.php?rest_route=%2Fwp%2Fv2%2Fcomments&post=30490"}],"version-history":[{"count":0,"href":"https:\/\/aconteceunovale.com.br\/portal\/index.php?rest_route=\/wp\/v2\/posts\/30490\/revisions"}],"wp:featuredmedia":[{"embeddable":true,"href":"https:\/\/aconteceunovale.com.br\/portal\/index.php?rest_route=\/wp\/v2\/media\/30491"}],"wp:attachment":[{"href":"https:\/\/aconteceunovale.com.br\/portal\/index.php?rest_route=%2Fwp%2Fv2%2Fmedia&parent=30490"}],"wp:term":[{"taxonomy":"category","embeddable":true,"href":"https:\/\/aconteceunovale.com.br\/portal\/index.php?rest_route=%2Fwp%2Fv2%2Fcategories&post=30490"},{"taxonomy":"post_tag","embeddable":true,"href":"https:\/\/aconteceunovale.com.br\/portal\/index.php?rest_route=%2Fwp%2Fv2%2Ftags&post=30490"}],"curies":[{"name":"wp","href":"https:\/\/api.w.org\/{rel}","templated":true}]}}