{"id":30449,"date":"2014-05-28T21:12:48","date_gmt":"2014-05-29T00:12:48","guid":{"rendered":"http:\/\/aconteceunovale.com.br\/portal\/?p=30449"},"modified":"2014-05-28T21:12:48","modified_gmt":"2014-05-29T00:12:48","slug":"homem-e-morto-a-facadas-as-margens-da-br-259-em-governador-valadares","status":"publish","type":"post","link":"https:\/\/aconteceunovale.com.br\/portal\/?p=30449","title":{"rendered":"Homem \u00e9 morto a facadas \u00e0s margens da BR-259 em Governador Valadares"},"content":{"rendered":"<h4><strong>Este \u00e9 o 71\u00ba homic\u00eddio registrado em Governador Valadares em 2014. Corpo foi encontrado por pessoas que passavam pelo local.<\/strong><\/h4>\n<p>Um homem de 50 anos foi morto a facadas no fim da tarde desta quarta-feira, 28 de maio, na BR-259, pr\u00f3ximo a um lugar conhecido como \u00c1gua de Coco, em Governador Valadares\/MG.<\/p>\n<p>Populares que passavam pelo local encontraram a v\u00edtima JUC\u00c9LIO AMERQUIDES DA SILVA e acionaram o Servi\u00e7o de Atendimento M\u00f3vel de Urg\u00eancia (SAMU), que constatou a sua morte.<\/p>\n<p>A Pol\u00edcia Militar tamb\u00e9m foi acionada e compareceu ao local para devidas provid\u00eancias. Este \u00e9 o 71\u00ba homic\u00eddio registrado em Governador Valadares nos cinco primeiros meses de 2014.<\/p>\n<p><img decoding=\"async\" src=\"http:\/\/aconteceunovale.com.br\/portal\/wp-content\/uploads\/2014\/05\/morto_28_05_gv.jpg\" alt=\"\" \/><em>(Foto: Roberto Higino \/ Caso de Pol\u00edcia)<\/em><\/p>\n","protected":false},"excerpt":{"rendered":"<p>Este \u00e9 o 71\u00ba homic\u00eddio registrado em Governador Valadares em 2014. Corpo foi encontrado por pessoas que passavam pelo local. Um homem de 50 anos foi morto a facadas no fim da tarde desta quarta-feira, 28 de maio, na BR-259, pr\u00f3ximo a um lugar conhecido como \u00c1gua de Coco, em Governador Valadares\/MG. Populares que passavam [&hellip;]<\/p>\n","protected":false},"author":1,"featured_media":30450,"comment_status":"open","ping_status":"closed","sticky":false,"template":"","format":"standard","meta":{"amp_status":"","footnotes":""},"categories":[121],"tags":[8179,247,8178,8180],"class_list":["post-30449","post","type-post","status-publish","format-standard","has-post-thumbnail","hentry","category-leste","tag-assassinato-em-governador-valadares","tag-governador-valadares","tag-homem-e-morto-a-facadas-as-margens-da-br-259-em-governador-valadares","tag-homicidio-em-governador-valadares"],"_links":{"self":[{"href":"https:\/\/aconteceunovale.com.br\/portal\/index.php?rest_route=\/wp\/v2\/posts\/30449","targetHints":{"allow":["GET"]}}],"collection":[{"href":"https:\/\/aconteceunovale.com.br\/portal\/index.php?rest_route=\/wp\/v2\/posts"}],"about":[{"href":"https:\/\/aconteceunovale.com.br\/portal\/index.php?rest_route=\/wp\/v2\/types\/post"}],"author":[{"embeddable":true,"href":"https:\/\/aconteceunovale.com.br\/portal\/index.php?rest_route=\/wp\/v2\/users\/1"}],"replies":[{"embeddable":true,"href":"https:\/\/aconteceunovale.com.br\/portal\/index.php?rest_route=%2Fwp%2Fv2%2Fcomments&post=30449"}],"version-history":[{"count":0,"href":"https:\/\/aconteceunovale.com.br\/portal\/index.php?rest_route=\/wp\/v2\/posts\/30449\/revisions"}],"wp:featuredmedia":[{"embeddable":true,"href":"https:\/\/aconteceunovale.com.br\/portal\/index.php?rest_route=\/wp\/v2\/media\/30450"}],"wp:attachment":[{"href":"https:\/\/aconteceunovale.com.br\/portal\/index.php?rest_route=%2Fwp%2Fv2%2Fmedia&parent=30449"}],"wp:term":[{"taxonomy":"category","embeddable":true,"href":"https:\/\/aconteceunovale.com.br\/portal\/index.php?rest_route=%2Fwp%2Fv2%2Fcategories&post=30449"},{"taxonomy":"post_tag","embeddable":true,"href":"https:\/\/aconteceunovale.com.br\/portal\/index.php?rest_route=%2Fwp%2Fv2%2Ftags&post=30449"}],"curies":[{"name":"wp","href":"https:\/\/api.w.org\/{rel}","templated":true}]}}