{"id":30383,"date":"2014-05-28T16:14:50","date_gmt":"2014-05-28T19:14:50","guid":{"rendered":"http:\/\/aconteceunovale.com.br\/portal\/?p=30383"},"modified":"2014-05-28T16:14:50","modified_gmt":"2014-05-28T19:14:50","slug":"acidente-com-trem-de-carga-bloqueia-rodovia-no-norte-de-minas-gerais","status":"publish","type":"post","link":"https:\/\/aconteceunovale.com.br\/portal\/?p=30383","title":{"rendered":"Acidente com trem de carga bloqueia rodovia no norte de Minas Gerais"},"content":{"rendered":"<p>Um trem carregado de soja descarrilou na manh\u00e3 desta quarta-feira (28) ao cruzar pela rodovia MGT-496, na divisa entre os munic\u00edpios de Pirapora e V\u00e1rzea da Palma, no Norte de Minas Gerais.<\/p>\n<p>De acordo com a Pol\u00edcia Militar de Meio Ambiente, que atendeu a ocorr\u00eancia, o acidente acontecer por volta das 7h30, no Km 15, mas n\u00e3o deixou ningu\u00e9m ferido.<\/p>\n<p>\u201cDois vag\u00f5es tombaram em uma vala, interditando a rodovia. Apenas um vag\u00e3o permaneceu na linha\u201d, explica sargento Rodrigues.<\/p>\n<p>Ainda segundo a pol\u00edcia, a remo\u00e7\u00e3o dos vag\u00f5es ser\u00e1 feita pela Ferrovia Centro Atl\u00e2ntica, que administra a ferrovia. <\/p>\n<p><img decoding=\"async\" src=\"http:\/\/aconteceunovale.com.br\/portal\/wp-content\/uploads\/2014\/05\/acidente_trem_norte_minas_28_05_2.jpg\" alt=\"\" \/><em><strong>Acidente causou bloquei da MGT-496 (Foto: Cote Alvarenga \/ TV Rio)<\/strong><\/em><br \/>\n<\/br><\/p>\n<p>A Ferrovia Centro-Atl\u00e2ntica informou por nota que trabalha para liberar a passagem de n\u00edvel da MGT-496, e esclarece que o que ocorreu foi o tombamento de dois vag\u00f5es de um dos trens da empresa. A composi\u00e7\u00e3o, que ia de Pirapora para o Porto de Tubar\u00e3o, em Vit\u00f3ria, (ES), estava com 46 vag\u00f5es carregados de soja.<\/p>\n<p>A FCA esclarece ainda que n\u00e3o houve v\u00edtimas e que as causas da ocorr\u00eancia est\u00e3o sendo apuradas por uma comiss\u00e3o de t\u00e9cnicos da empresa.<\/p>\n<p><img decoding=\"async\" src=\"http:\/\/aconteceunovale.com.br\/portal\/wp-content\/uploads\/2014\/05\/acidente_trem_norte_minas_28_05_1.jpg\" alt=\"\" \/><em><strong>Dois vag\u00f5es cairam em uma vala entre Pirapora e V\u00e1rzea da Palma. (Foto: Cote Alvarenga \/ TV Rio)<\/strong><\/em><br \/>\n<\/br><\/p>\n<p><strong>(Fonte: Inter TV \/ G1)<\/strong><\/p>\n","protected":false},"excerpt":{"rendered":"<p>Um trem carregado de soja descarrilou na manh\u00e3 desta quarta-feira (28) ao cruzar pela rodovia MGT-496, na divisa entre os munic\u00edpios de Pirapora e V\u00e1rzea da Palma, no Norte de Minas Gerais. De acordo com a Pol\u00edcia Militar de Meio Ambiente, que atendeu a ocorr\u00eancia, o acidente acontecer por volta das 7h30, no Km 15, [&hellip;]<\/p>\n","protected":false},"author":1,"featured_media":30384,"comment_status":"open","ping_status":"closed","sticky":false,"template":"","format":"standard","meta":{"amp_status":"","footnotes":""},"categories":[1236],"tags":[8161,254,1340],"class_list":["post-30383","post","type-post","status-publish","format-standard","has-post-thumbnail","hentry","category-norte_de_minas","tag-acidente-com-trem-de-carga-bloqueia-rodovia-no-norte-de-minas-gerais","tag-pirapora","tag-varzea-da-palma"],"_links":{"self":[{"href":"https:\/\/aconteceunovale.com.br\/portal\/index.php?rest_route=\/wp\/v2\/posts\/30383","targetHints":{"allow":["GET"]}}],"collection":[{"href":"https:\/\/aconteceunovale.com.br\/portal\/index.php?rest_route=\/wp\/v2\/posts"}],"about":[{"href":"https:\/\/aconteceunovale.com.br\/portal\/index.php?rest_route=\/wp\/v2\/types\/post"}],"author":[{"embeddable":true,"href":"https:\/\/aconteceunovale.com.br\/portal\/index.php?rest_route=\/wp\/v2\/users\/1"}],"replies":[{"embeddable":true,"href":"https:\/\/aconteceunovale.com.br\/portal\/index.php?rest_route=%2Fwp%2Fv2%2Fcomments&post=30383"}],"version-history":[{"count":0,"href":"https:\/\/aconteceunovale.com.br\/portal\/index.php?rest_route=\/wp\/v2\/posts\/30383\/revisions"}],"wp:featuredmedia":[{"embeddable":true,"href":"https:\/\/aconteceunovale.com.br\/portal\/index.php?rest_route=\/wp\/v2\/media\/30384"}],"wp:attachment":[{"href":"https:\/\/aconteceunovale.com.br\/portal\/index.php?rest_route=%2Fwp%2Fv2%2Fmedia&parent=30383"}],"wp:term":[{"taxonomy":"category","embeddable":true,"href":"https:\/\/aconteceunovale.com.br\/portal\/index.php?rest_route=%2Fwp%2Fv2%2Fcategories&post=30383"},{"taxonomy":"post_tag","embeddable":true,"href":"https:\/\/aconteceunovale.com.br\/portal\/index.php?rest_route=%2Fwp%2Fv2%2Ftags&post=30383"}],"curies":[{"name":"wp","href":"https:\/\/api.w.org\/{rel}","templated":true}]}}