{"id":30371,"date":"2014-05-28T15:29:39","date_gmt":"2014-05-28T18:29:39","guid":{"rendered":"http:\/\/aconteceunovale.com.br\/portal\/?p=30371"},"modified":"2014-05-28T15:29:39","modified_gmt":"2014-05-28T18:29:39","slug":"exposicao-agropecuaria-de-pedra-azul-comeca-nesta-sexta-feira","status":"publish","type":"post","link":"https:\/\/aconteceunovale.com.br\/portal\/?p=30371","title":{"rendered":"Exposi\u00e7\u00e3o Agropecu\u00e1ria de Pedra Azul come\u00e7a nesta sexta-feira"},"content":{"rendered":"<p>A Prefeitura Municipal de Pedra Azul, no Vale do Jequitinhonha, realiza no per\u00edodo de 30 de maio a primeiro de junho, a Expo Pedra Azul 2014. O evento acontecer\u00e1 no Parque de Exposi\u00e7\u00f5es Get\u00falio Vargas e ter\u00e1 a seguinte programa\u00e7\u00e3o:<\/p>\n<p><img decoding=\"async\" src=\"http:\/\/aconteceunovale.com.br\/portal\/wp-content\/uploads\/2014\/05\/expo_pedra_azul_2014.jpg\" alt=\"\" \/><br \/>\n<\/br><\/p>\n<h4><strong>Sexta-feira, 30\/05<\/strong><\/h4>\n<p>Mulher de Banda (Principal)<\/p>\n<p>Ess\u00eancia de Adora\u00e7\u00e3o<\/p>\n<p>DJ Ludamix<\/p>\n<p>Grupo Amigos<\/p>\n<h4><strong>S\u00e1bado, 31\/05<\/strong><\/h4>\n<p>Patchanka (Principal)<\/p>\n<p>Sabino Marcos<\/p>\n<p>Altobelly &#038; Robson<\/p>\n<p>Lewados<\/p>\n<h4><strong>Domingo, 01\/06<\/strong><\/h4>\n<p>Cavaleiros do Forr\u00f3 (Principal)<\/p>\n<p>Palha\u00e7o Pimp\u00e3o e a Pimpolhinha<\/p>\n<p>Eliziany Brito<\/p>\n<p>Jeito Garoto<\/p>\n","protected":false},"excerpt":{"rendered":"<p>A Prefeitura Municipal de Pedra Azul, no Vale do Jequitinhonha, realiza no per\u00edodo de 30 de maio a primeiro de junho, a Expo Pedra Azul 2014. O evento acontecer\u00e1 no Parque de Exposi\u00e7\u00f5es Get\u00falio Vargas e ter\u00e1 a seguinte programa\u00e7\u00e3o: Sexta-feira, 30\/05 Mulher de Banda (Principal) Ess\u00eancia de Adora\u00e7\u00e3o DJ Ludamix Grupo Amigos S\u00e1bado, 31\/05 [&hellip;]<\/p>\n","protected":false},"author":1,"featured_media":30372,"comment_status":"open","ping_status":"closed","sticky":false,"template":"","format":"standard","meta":{"amp_status":"","footnotes":""},"categories":[125],"tags":[8155,8154,8153,455],"class_list":["post-30371","post","type-post","status-publish","format-standard","has-post-thumbnail","hentry","category-noticias","tag-expo-pedra-azul-2014","tag-exposicao-agropecuaria-de-pedra-azul","tag-exposicao-agropecuaria-de-pedra-azul-comeca-nesta-sexta-feira","tag-pedra-azul"],"_links":{"self":[{"href":"https:\/\/aconteceunovale.com.br\/portal\/index.php?rest_route=\/wp\/v2\/posts\/30371","targetHints":{"allow":["GET"]}}],"collection":[{"href":"https:\/\/aconteceunovale.com.br\/portal\/index.php?rest_route=\/wp\/v2\/posts"}],"about":[{"href":"https:\/\/aconteceunovale.com.br\/portal\/index.php?rest_route=\/wp\/v2\/types\/post"}],"author":[{"embeddable":true,"href":"https:\/\/aconteceunovale.com.br\/portal\/index.php?rest_route=\/wp\/v2\/users\/1"}],"replies":[{"embeddable":true,"href":"https:\/\/aconteceunovale.com.br\/portal\/index.php?rest_route=%2Fwp%2Fv2%2Fcomments&post=30371"}],"version-history":[{"count":0,"href":"https:\/\/aconteceunovale.com.br\/portal\/index.php?rest_route=\/wp\/v2\/posts\/30371\/revisions"}],"wp:featuredmedia":[{"embeddable":true,"href":"https:\/\/aconteceunovale.com.br\/portal\/index.php?rest_route=\/wp\/v2\/media\/30372"}],"wp:attachment":[{"href":"https:\/\/aconteceunovale.com.br\/portal\/index.php?rest_route=%2Fwp%2Fv2%2Fmedia&parent=30371"}],"wp:term":[{"taxonomy":"category","embeddable":true,"href":"https:\/\/aconteceunovale.com.br\/portal\/index.php?rest_route=%2Fwp%2Fv2%2Fcategories&post=30371"},{"taxonomy":"post_tag","embeddable":true,"href":"https:\/\/aconteceunovale.com.br\/portal\/index.php?rest_route=%2Fwp%2Fv2%2Ftags&post=30371"}],"curies":[{"name":"wp","href":"https:\/\/api.w.org\/{rel}","templated":true}]}}