{"id":30317,"date":"2014-05-27T18:00:32","date_gmt":"2014-05-27T21:00:32","guid":{"rendered":"http:\/\/aconteceunovale.com.br\/portal\/?p=30317"},"modified":"2014-05-27T18:01:10","modified_gmt":"2014-05-27T21:01:10","slug":"manifestantes-liberam-a-br-381-apos-briga-com-integrantes-da-gavioes-da-fiel","status":"publish","type":"post","link":"https:\/\/aconteceunovale.com.br\/portal\/?p=30317","title":{"rendered":"Manifestantes liberam a BR-381 ap\u00f3s confus\u00e3o com integrantes da \u201cGavi\u00f5es da Fiel\u201d"},"content":{"rendered":"<p>Ap\u00f3s quase dez horas totalmente interditada, a BR-381, em Nova Era, na regi\u00e3o Central de Minas Gerais, foi liberada por manifestantes na tarde desta ter\u00e7a-feira (27). O bloqueio causou at\u00e9 10 km de congestionamento e ainda provocou briga entre os participantes do ato e torcedores do Corinthians.<\/p>\n<p>De acordo com a Pol\u00edcia Rodovi\u00e1ria Federal (PRF), irritados com a longa fila de ve\u00edculos formada devido ao protesto, alguns corintianos integrantes da torcida organizada &#8220;Gavi\u00f5es da Fiel&#8221; desceram dos \u00f4nibus em que voltavam de jogo no Nordeste e discutiram com os manifestantes. <\/p>\n<p>Durante a confus\u00e3o, um grupo de 30 torcedores correu atr\u00e1s e at\u00e9 agrediu alguns manifestantes, que se recusaram a liberar a rodovia. Dois tiros chegaram a ser disparados para o alto.<\/p>\n<p>&#8220;Estava quase tudo acertado para a pista ser liberada. O que complicou foi a situa\u00e7\u00e3o foi a chegada do \u00f4nibus dos torcedores Corinthians. Os torcedores se uniram aos manifestantes contra a Pol\u00edcia Rodovi\u00e1ria Federal, atirando bombas e pedras contra a equipe. Posteriormente, os torcedores ficaram contra os manifestantes e passaram a for\u00e7a pela barricada de fogo&#8221;, narrou o delegado da Pol\u00edcia Rodovi\u00e1ria Federal em Jo\u00e3o Monlevade, Gledson Ferreira.<\/p>\n<p>Dois moradores de Nova Era ficaram feridos e foram encaminhados para o Hospital S\u00e3o Jos\u00e9, na pr\u00f3pria cidade, e Hospital Margarina, em Jo\u00e3o Monlevade. Uma das v\u00edtimas teve um corte no bra\u00e7o e outra um ferimento na cabe\u00e7a. O estado de sa\u00fade delas n\u00e3o foi informado.<\/p>\n<p><img decoding=\"async\" src=\"http:\/\/aconteceunovale.com.br\/portal\/wp-content\/uploads\/2014\/05\/381_liberada_nova_era_27_05.jpg\" alt=\"\" \/><em>(Trator e caminh\u00f5es pipas foram utilizados para limpar a pista &#8211; Foto: Bell Silva \/ O Popular)<\/em><br \/>\n<\/br><\/p>\n<h4><strong>Causa do protesto<\/strong><\/h4>\n<p>O ato ocorreu na altura do km 320 e foi feito por moradores de casas danificadas por explos\u00e3o de caminh\u00e3o ocorrida na mesma estrada, mas no \u00faltimo dia 11. Na data, os destro\u00e7os do ve\u00edculo, que estava carregado com material de limpeza, atingiram e estragaram as resid\u00eancias do bairro Baixada Pimenta. Nesta ter\u00e7a, os manifestantes exigiram que seus im\u00f3veis fossem consertados, uma vez que alegam que nenhum funcion\u00e1rio da empresa respons\u00e1vel pelo caminh\u00e3o queimado se apresentou para custear o preju\u00edzo.<\/p>\n<p>O mec\u00e2nico Reginaldo Jos\u00e9 de Carvalho, de 25 anos, contou que mais de 40 casas foram atingidas pela explos\u00e3o. \u201cA casada minha irm\u00e3, por exemplo, teve as janelas estouradas. A empresa marcou uma reuni\u00e3o com os moradores nessa segunda, mas ningu\u00e9m apareceu\u201d, disse.<\/p>\n<p>A dona de casa Maria de Lourdes, de 59, reclamou da posi\u00e7\u00e3o da prefeitura. \u201cJ\u00e1 pedimos ajuda da prefeitura para recolher o entulho, mas ningu\u00e9m ajudou. Minha casa teve 12 telhas de amianto e 20 coloniais quebradas\u201d, desabafou.<\/p>\n<p><strong>(O Tempo \/ Aconteceu no Vale)<\/strong><\/p>\n","protected":false},"excerpt":{"rendered":"<p>Ap\u00f3s quase dez horas totalmente interditada, a BR-381, em Nova Era, na regi\u00e3o Central de Minas Gerais, foi liberada por manifestantes na tarde desta ter\u00e7a-feira (27). O bloqueio causou at\u00e9 10 km de congestionamento e ainda provocou briga entre os participantes do ato e torcedores do Corinthians. De acordo com a Pol\u00edcia Rodovi\u00e1ria Federal (PRF), [&hellip;]<\/p>\n","protected":false},"author":1,"featured_media":30318,"comment_status":"open","ping_status":"closed","sticky":false,"template":"","format":"standard","meta":{"amp_status":"","footnotes":""},"categories":[123],"tags":[8119,8118,1018,8120,8117,8121,1103],"class_list":["post-30317","post","type-post","status-publish","format-standard","has-post-thumbnail","hentry","category-gerais","tag-briga-de-torcedores-do-corinthians-e-manifestantes-em-minas-gerais","tag-briga-de-torcedores-do-corinthians-e-manifestantes-na-br-381","tag-destaque","tag-gavioes-da-fiel","tag-manifestantes-liberam-a-br-381-apos-briga-com-integrantes-da-gavioes-da-fiel","tag-manifestantes-liberam-a-br-381-apos-confusao-com-integrantes-da-gavioes-da-fiel","tag-nova-era"],"_links":{"self":[{"href":"https:\/\/aconteceunovale.com.br\/portal\/index.php?rest_route=\/wp\/v2\/posts\/30317","targetHints":{"allow":["GET"]}}],"collection":[{"href":"https:\/\/aconteceunovale.com.br\/portal\/index.php?rest_route=\/wp\/v2\/posts"}],"about":[{"href":"https:\/\/aconteceunovale.com.br\/portal\/index.php?rest_route=\/wp\/v2\/types\/post"}],"author":[{"embeddable":true,"href":"https:\/\/aconteceunovale.com.br\/portal\/index.php?rest_route=\/wp\/v2\/users\/1"}],"replies":[{"embeddable":true,"href":"https:\/\/aconteceunovale.com.br\/portal\/index.php?rest_route=%2Fwp%2Fv2%2Fcomments&post=30317"}],"version-history":[{"count":0,"href":"https:\/\/aconteceunovale.com.br\/portal\/index.php?rest_route=\/wp\/v2\/posts\/30317\/revisions"}],"wp:featuredmedia":[{"embeddable":true,"href":"https:\/\/aconteceunovale.com.br\/portal\/index.php?rest_route=\/wp\/v2\/media\/30318"}],"wp:attachment":[{"href":"https:\/\/aconteceunovale.com.br\/portal\/index.php?rest_route=%2Fwp%2Fv2%2Fmedia&parent=30317"}],"wp:term":[{"taxonomy":"category","embeddable":true,"href":"https:\/\/aconteceunovale.com.br\/portal\/index.php?rest_route=%2Fwp%2Fv2%2Fcategories&post=30317"},{"taxonomy":"post_tag","embeddable":true,"href":"https:\/\/aconteceunovale.com.br\/portal\/index.php?rest_route=%2Fwp%2Fv2%2Ftags&post=30317"}],"curies":[{"name":"wp","href":"https:\/\/api.w.org\/{rel}","templated":true}]}}