{"id":30312,"date":"2014-05-27T17:22:00","date_gmt":"2014-05-27T20:22:00","guid":{"rendered":"http:\/\/aconteceunovale.com.br\/portal\/?p=30312"},"modified":"2014-05-27T17:24:05","modified_gmt":"2014-05-27T20:24:05","slug":"alunos-do-curso-de-sistemas-de-informacao-representam-o-ifmg-na-iii-maratona-mineira-de-programacao","status":"publish","type":"post","link":"https:\/\/aconteceunovale.com.br\/portal\/?p=30312","title":{"rendered":"Alunos do curso de Sistemas de Informa\u00e7\u00e3o representam o IFMG na III Maratona Mineira de Programa\u00e7\u00e3o"},"content":{"rendered":"<p>No \u00faltimo dia 24 de maio, aconteceu na Universidade Federal de Vi\u00e7osa, a III Maratona Mineira de Programa\u00e7\u00e3o. O IFMG esteve presente no evento com duas equipes formadas por alunos dos campi S\u00e3o Jo\u00e3o Evangelista e Ouro Branco. <\/p>\n<p>O campus S\u00e3o Jo\u00e3o Evangelista participou do evento pela primeira vez. A equipe formada pelos alunos M\u00e1rio Jorge, Ren\u00ea Gomes, Erica Machado e Douglas Nunes Oliveira e pelo Professor Edson Sena, conquistou o 24\u00ba lugar entre 42 participantes.<\/p>\n<p>S\u00e3o Jo\u00e3o Evangelista ficou \u00e0 frente de equipes representantes de institui\u00e7\u00f5es de ensino com tradi\u00e7\u00e3o neste segmento de evento, como por exemplo: UFMG, UFV, FAGOC, Sul de Minas, IF Norte de Minas, IF Tri\u00e2ngulo Mineiro, UNIFEI, entre outros.<\/p>\n<p>A dire\u00e7\u00e3o do Campus S\u00e3o Jo\u00e3o Evangelista parabeniza o empenho da equipe e de todos aqueles que viabilizaram a participa\u00e7\u00e3o na competi\u00e7\u00e3o.<\/p>\n<p><img decoding=\"async\" src=\"http:\/\/aconteceunovale.com.br\/portal\/wp-content\/uploads\/2014\/05\/maratona_info_vicosa_sje_14.jpg\" alt=\"\" \/><em>(Equipe do Campus S\u00e3o Jo\u00e3o Evangelista na III Maratona Mineira de Programa\u00e7\u00e3o)<\/em><\/p>\n","protected":false},"excerpt":{"rendered":"<p>No \u00faltimo dia 24 de maio, aconteceu na Universidade Federal de Vi\u00e7osa, a III Maratona Mineira de Programa\u00e7\u00e3o. O IFMG esteve presente no evento com duas equipes formadas por alunos dos campi S\u00e3o Jo\u00e3o Evangelista e Ouro Branco. O campus S\u00e3o Jo\u00e3o Evangelista participou do evento pela primeira vez. A equipe formada pelos alunos M\u00e1rio [&hellip;]<\/p>\n","protected":false},"author":1,"featured_media":30313,"comment_status":"open","ping_status":"closed","sticky":false,"template":"","format":"standard","meta":{"amp_status":"","footnotes":""},"categories":[123],"tags":[8115,1018,8116,162],"class_list":["post-30312","post","type-post","status-publish","format-standard","has-post-thumbnail","hentry","category-gerais","tag-alunos-do-curso-de-sistemas-de-informacao-representam-o-ifmg-na-iii-maratona-mineira-de-programacao","tag-destaque","tag-iii-maratona-mineira-de-programacao","tag-sao-joao-evangelista"],"_links":{"self":[{"href":"https:\/\/aconteceunovale.com.br\/portal\/index.php?rest_route=\/wp\/v2\/posts\/30312","targetHints":{"allow":["GET"]}}],"collection":[{"href":"https:\/\/aconteceunovale.com.br\/portal\/index.php?rest_route=\/wp\/v2\/posts"}],"about":[{"href":"https:\/\/aconteceunovale.com.br\/portal\/index.php?rest_route=\/wp\/v2\/types\/post"}],"author":[{"embeddable":true,"href":"https:\/\/aconteceunovale.com.br\/portal\/index.php?rest_route=\/wp\/v2\/users\/1"}],"replies":[{"embeddable":true,"href":"https:\/\/aconteceunovale.com.br\/portal\/index.php?rest_route=%2Fwp%2Fv2%2Fcomments&post=30312"}],"version-history":[{"count":0,"href":"https:\/\/aconteceunovale.com.br\/portal\/index.php?rest_route=\/wp\/v2\/posts\/30312\/revisions"}],"wp:featuredmedia":[{"embeddable":true,"href":"https:\/\/aconteceunovale.com.br\/portal\/index.php?rest_route=\/wp\/v2\/media\/30313"}],"wp:attachment":[{"href":"https:\/\/aconteceunovale.com.br\/portal\/index.php?rest_route=%2Fwp%2Fv2%2Fmedia&parent=30312"}],"wp:term":[{"taxonomy":"category","embeddable":true,"href":"https:\/\/aconteceunovale.com.br\/portal\/index.php?rest_route=%2Fwp%2Fv2%2Fcategories&post=30312"},{"taxonomy":"post_tag","embeddable":true,"href":"https:\/\/aconteceunovale.com.br\/portal\/index.php?rest_route=%2Fwp%2Fv2%2Ftags&post=30312"}],"curies":[{"name":"wp","href":"https:\/\/api.w.org\/{rel}","templated":true}]}}