{"id":30164,"date":"2014-05-25T17:29:26","date_gmt":"2014-05-25T20:29:26","guid":{"rendered":"http:\/\/aconteceunovale.com.br\/portal\/?p=30164"},"modified":"2014-05-25T21:38:02","modified_gmt":"2014-05-26T00:38:02","slug":"universitarios-mortos-em-acidente-foram-enterrados-neste-domingo-em-ipanema","status":"publish","type":"post","link":"https:\/\/aconteceunovale.com.br\/portal\/?p=30164","title":{"rendered":"Universit\u00e1rios mortos em acidente foram enterrados neste domingo em Ipanema"},"content":{"rendered":"<h4><strong>Eles morreram em colis\u00e3o de \u00f4nibus com caminh\u00e3o nessa sexta (23) na MG-111, pr\u00f3ximo a Manhua\u00e7u<\/strong><\/h4>\n<p><img decoding=\"async\" src=\"http:\/\/aconteceunovale.com.br\/portal\/wp-content\/uploads\/2014\/05\/vitimas_acidente_enterradas_ipanema.jpg\" alt=\"\" \/><em><strong>(Prefeitura de Ipanema decretou luto oficial de tr\u00eas dias pela morte dos tr\u00eas universit\u00e1rios)<\/strong><\/em><br \/>\n<\/br><\/p>\n<p>Foram enterrados na manh\u00e3 deste domingo (25), as quatro v\u00edtimas de um acidente entre um \u00f4nibus e um caminh\u00e3o ocorrido na noite dessa sexta-feira (23), em Manhua\u00e7u, na Zona da Mata.<\/p>\n<p>Emanuel Gomes de Oliveira Sampaio, de 18 anos, Rita de Cassia Valim Oliveira, tamb\u00e9m de 18, e Gislene Medeiros da Silva Castro, de 32, que estava gr\u00e1vida, foram sepultados em Ipanema, tamb\u00e9m na Zona da Mata. Eles eram alguns dos universit\u00e1rios que estavam no \u00f4nibus que colidiu com o caminh\u00e3o, no KM 62 da MG-111. A Prefeitura Municipal de Ipanema decretou luto oficial de tr\u00eas dias pelas mortes dos estudantes.<\/p>\n<p>O motorista do caminh\u00e3o, Tiago de Carvalho Coutinho, de 22 anos, foi enterrado na cidade de Visconde do Rio Branco, na manh\u00e3 deste domingo.<\/p>\n<p>Outras 16 pessoas ficaram feridas no acidente e foram levadas para a Unidade de Pronto Atendimento (UPA) de Manhua\u00e7u. O quadro deles \u00e9 est\u00e1vel.<\/p>\n<p>Somente uma pessoa foi transportada para o Hospital S\u00e3o Paulo, em Muria\u00e9. Vanderl\u00facia Rodrigues de Souza ser\u00e1 submetida a uma cirurgia ainda neste domingo, mas seu estado de sa\u00fade n\u00e3o preocupa muito. Ela est\u00e1 internada em um quarto, e n\u00e3o em unidades de tratamento intensivo.<\/p>\n<h4><strong>Relembre o caso<\/strong><\/h4>\n<p><a href=\"http:\/\/aconteceunovale.com.br\/portal\/?p=30069\" target=\"_blank\">A batida frontal de um \u00f4nibus que transportava universit\u00e1rios e um caminh\u00e3o deixou quatro mortos e 16 feridos nessa sexta-feira (23). De acordo com a Pol\u00edcia Militar Rodovi\u00e1ria, testemunhas disseram que o caminh\u00e3o, com placa de Visconde do Rio Branco, seguia no sentido Manhua\u00e7u e, em uma curva da MG-111, passou para a outra pista para ultrapassar um ve\u00edculo e colidiu com o \u00f4nibus, com placa de Ipanema. Com o impacto, o \u00f4nibus foi arremessado contra um barranco.<\/a><\/p>\n<h4><strong>Lista dos mortos<\/strong><\/h4>\n<p>Tiago de Carvalho Coutinho, 22 anos<br \/>\nEmanuel Gomes de Oliveira Sarmento, 18 anos<br \/>\nGislene Medeiros da Silva Castro, 32 anos (gr\u00e1vida)<br \/>\nRita de Cassia Valim Oliveira, 18 anos  <\/p>\n","protected":false},"excerpt":{"rendered":"<p>Eles morreram em colis\u00e3o de \u00f4nibus com caminh\u00e3o nessa sexta (23) na MG-111, pr\u00f3ximo a Manhua\u00e7u (Prefeitura de Ipanema decretou luto oficial de tr\u00eas dias pela morte dos tr\u00eas universit\u00e1rios) Foram enterrados na manh\u00e3 deste domingo (25), as quatro v\u00edtimas de um acidente entre um \u00f4nibus e um caminh\u00e3o ocorrido na noite dessa sexta-feira (23), [&hellip;]<\/p>\n","protected":false},"author":1,"featured_media":30165,"comment_status":"open","ping_status":"closed","sticky":false,"template":"","format":"standard","meta":{"amp_status":"","footnotes":""},"categories":[121],"tags":[1018,7971,7972,1732,209,7973,7934,7974,3676],"class_list":["post-30164","post","type-post","status-publish","format-standard","has-post-thumbnail","hentry","category-leste","tag-destaque","tag-emanuel-gomes-de-oliveira-sarmento","tag-gislene-medeiros-da-silva-castro","tag-ipanema","tag-manhuacu","tag-rita-de-cassia-valim-oliveira","tag-tiago-de-carvalho-coutinho","tag-universitarios-mortos-em-acidente-foram-enterrados-neste-domingo-em-ipanema","tag-visconde-do-rio-branco"],"_links":{"self":[{"href":"https:\/\/aconteceunovale.com.br\/portal\/index.php?rest_route=\/wp\/v2\/posts\/30164","targetHints":{"allow":["GET"]}}],"collection":[{"href":"https:\/\/aconteceunovale.com.br\/portal\/index.php?rest_route=\/wp\/v2\/posts"}],"about":[{"href":"https:\/\/aconteceunovale.com.br\/portal\/index.php?rest_route=\/wp\/v2\/types\/post"}],"author":[{"embeddable":true,"href":"https:\/\/aconteceunovale.com.br\/portal\/index.php?rest_route=\/wp\/v2\/users\/1"}],"replies":[{"embeddable":true,"href":"https:\/\/aconteceunovale.com.br\/portal\/index.php?rest_route=%2Fwp%2Fv2%2Fcomments&post=30164"}],"version-history":[{"count":0,"href":"https:\/\/aconteceunovale.com.br\/portal\/index.php?rest_route=\/wp\/v2\/posts\/30164\/revisions"}],"wp:featuredmedia":[{"embeddable":true,"href":"https:\/\/aconteceunovale.com.br\/portal\/index.php?rest_route=\/wp\/v2\/media\/30165"}],"wp:attachment":[{"href":"https:\/\/aconteceunovale.com.br\/portal\/index.php?rest_route=%2Fwp%2Fv2%2Fmedia&parent=30164"}],"wp:term":[{"taxonomy":"category","embeddable":true,"href":"https:\/\/aconteceunovale.com.br\/portal\/index.php?rest_route=%2Fwp%2Fv2%2Fcategories&post=30164"},{"taxonomy":"post_tag","embeddable":true,"href":"https:\/\/aconteceunovale.com.br\/portal\/index.php?rest_route=%2Fwp%2Fv2%2Ftags&post=30164"}],"curies":[{"name":"wp","href":"https:\/\/api.w.org\/{rel}","templated":true}]}}