{"id":30112,"date":"2014-05-24T20:55:19","date_gmt":"2014-05-24T23:55:19","guid":{"rendered":"http:\/\/aconteceunovale.com.br\/portal\/?p=30112"},"modified":"2014-05-24T20:59:48","modified_gmt":"2014-05-24T23:59:48","slug":"manifestantes-pedem-o-fim-do-machismo-e-discriminacao-contra-mulheres-durante-marcha-das-vadias-em-bh","status":"publish","type":"post","link":"https:\/\/aconteceunovale.com.br\/portal\/?p=30112","title":{"rendered":"Manifestantes pedem o fim do machismo e discrimina\u00e7\u00e3o contra mulheres na Marcha das Vadias em BH"},"content":{"rendered":"<p>Cerca de 400 pessoas reuniram-se na Pra\u00e7a da Rodovi\u00e1ria, Regi\u00e3o Centro-Sul da cidade, para o quarto ato promovido pela Marcha das Vadias, na tarde deste s\u00e1bado (24). Os participantes, mulheres em sua maioria, levaram cartazes e exibiram mensagens pintadas no pr\u00f3prio corpo pedindo o fim da cultura machista e discriminat\u00f3ria.<\/p>\n<p>De acordo com uma das organizadoras do evento, Adriana Torres, o movimento teve o objetivo de refor\u00e7ar reivindica\u00e7\u00f5es antigas e incluir outras na pauta. \u201cA viol\u00eancia \u00e9 efeito da falta de liberdade. A mulher, mesmo quando \u00e9 v\u00edtima, \u00e9 culpada pela maneira de vestir-se ou comportar-se. Ent\u00e3o, \u00e9 preciso mudar o sistema\u201d, disse, referindo-se \u00e0 pesquisa do Ipea divulgada em mar\u00e7o, na qual a maior parte dos entrevistados afirmou que as mulheres merecem ser violentadas quando usam roupas que deixam o corpo \u00e0 mostra \u2013 o resultado foi corrigido no m\u00eas passado.<\/p>\n<p>Para a estudante Lia Silva, de 23 anos, estreante na Marcha, fazer parte do movimento \u00e9 uma maneira de demonstrar sua indigna\u00e7\u00e3o com tamanho desrespeito ao direito das mulheres. &#8220;Alguns homens acham que nos vestirmos de determinada maneira \u00e9 um convite ao abuso, mas eu acho que as pessoas podem agir da maneira que quiserem&#8221;.<\/p>\n<p>Gabrielle Glauss, de 17 anos, acompanha o movimento desde a primeira edi\u00e7\u00e3o e tamb\u00e9m luta pela igualdade dos sexos na sociedade. &#8220;N\u00e3o se trata de diminuir os homens, mas de aumentar as mulheres. E a quest\u00e3o n\u00e3o \u00e9 eu estar de suti\u00e3, \u00e9 estar de qualquer jeito e n\u00e3o ser julgada&#8221;, disse.<\/p>\n<p>Mas, embora a manifesta\u00e7\u00e3o tivesse as mulheres em foco, outros grupos v\u00edtimas de discrimina\u00e7\u00e3o tamb\u00e9m marcaram presen\u00e7a. O estudante Gian Gabriel, de 18 anos, participou pela segunda vez em prol dos direitos homo afetivos. &#8220;N\u00e3o temos liberdade, n\u00e3o podemos expressar afeto nas ruas sem receber hostilidade. Sofro preconceito por causa de homens que se acham melhores do que eu&#8221;.<\/p>\n<p>A Marcha ainda seguiu pela rua Guaicurus at\u00e9 a Pra\u00e7a da Esta\u00e7\u00e3o e terminou na Pra\u00e7a da Liberdade.<\/p>\n<p><strong>GALERIA DE FOTOS:<\/strong><br \/>\n<em>(Fotos: Gladyston Rodrigues \/ Estado de Minas)<\/em><\/p>\n<p><img decoding=\"async\" src=\"http:\/\/aconteceunovale.com.br\/portal\/wp-content\/uploads\/2014\/05\/marcha_das_vadias_bh_24_05_1.jpg\" alt=\"\" \/><br \/>\n<div id='gallery-1' class='gallery galleryid-30112 gallery-columns-5 gallery-size-thumbnail'><figure class='gallery-item'>\n\t\t\t<div class='gallery-icon landscape'>\n\t\t\t\t<a href='https:\/\/aconteceunovale.com.br\/portal\/wp-content\/uploads\/2014\/05\/marcha_das_vadias_bh_24_05_2.jpg'><img loading=\"lazy\" decoding=\"async\" width=\"150\" height=\"150\" src=\"https:\/\/aconteceunovale.com.br\/portal\/wp-content\/uploads\/2014\/05\/marcha_das_vadias_bh_24_05_2-150x150.jpg\" class=\"attachment-thumbnail size-thumbnail\" alt=\"\" \/><\/a>\n\t\t\t<\/div><\/figure><figure class='gallery-item'>\n\t\t\t<div class='gallery-icon landscape'>\n\t\t\t\t<a href='https:\/\/aconteceunovale.com.br\/portal\/wp-content\/uploads\/2014\/05\/marcha_das_vadias_bh_24_05_3.jpg'><img loading=\"lazy\" decoding=\"async\" width=\"150\" height=\"150\" src=\"https:\/\/aconteceunovale.com.br\/portal\/wp-content\/uploads\/2014\/05\/marcha_das_vadias_bh_24_05_3-150x150.jpg\" class=\"attachment-thumbnail size-thumbnail\" alt=\"\" \/><\/a>\n\t\t\t<\/div><\/figure><figure class='gallery-item'>\n\t\t\t<div class='gallery-icon landscape'>\n\t\t\t\t<a href='https:\/\/aconteceunovale.com.br\/portal\/wp-content\/uploads\/2014\/05\/marcha_das_vadias_bh_24_05_4.jpg'><img loading=\"lazy\" decoding=\"async\" width=\"150\" height=\"150\" src=\"https:\/\/aconteceunovale.com.br\/portal\/wp-content\/uploads\/2014\/05\/marcha_das_vadias_bh_24_05_4-150x150.jpg\" class=\"attachment-thumbnail size-thumbnail\" alt=\"\" \/><\/a>\n\t\t\t<\/div><\/figure><figure class='gallery-item'>\n\t\t\t<div class='gallery-icon portrait'>\n\t\t\t\t<a href='https:\/\/aconteceunovale.com.br\/portal\/wp-content\/uploads\/2014\/05\/marcha_das_vadias_bh_24_05_5.jpg'><img loading=\"lazy\" decoding=\"async\" width=\"150\" height=\"150\" src=\"https:\/\/aconteceunovale.com.br\/portal\/wp-content\/uploads\/2014\/05\/marcha_das_vadias_bh_24_05_5-150x150.jpg\" class=\"attachment-thumbnail size-thumbnail\" alt=\"\" \/><\/a>\n\t\t\t<\/div><\/figure><figure class='gallery-item'>\n\t\t\t<div class='gallery-icon landscape'>\n\t\t\t\t<a href='https:\/\/aconteceunovale.com.br\/portal\/wp-content\/uploads\/2014\/05\/marcha_das_vadias_bh_24_05_6.jpg'><img loading=\"lazy\" decoding=\"async\" width=\"150\" height=\"150\" src=\"https:\/\/aconteceunovale.com.br\/portal\/wp-content\/uploads\/2014\/05\/marcha_das_vadias_bh_24_05_6-150x150.jpg\" class=\"attachment-thumbnail size-thumbnail\" alt=\"\" \/><\/a>\n\t\t\t<\/div><\/figure><figure class='gallery-item'>\n\t\t\t<div class='gallery-icon landscape'>\n\t\t\t\t<a href='https:\/\/aconteceunovale.com.br\/portal\/wp-content\/uploads\/2014\/05\/marcha_das_vadias_bh_24_05_7.jpg'><img loading=\"lazy\" decoding=\"async\" width=\"150\" height=\"150\" src=\"https:\/\/aconteceunovale.com.br\/portal\/wp-content\/uploads\/2014\/05\/marcha_das_vadias_bh_24_05_7-150x150.jpg\" class=\"attachment-thumbnail size-thumbnail\" alt=\"\" \/><\/a>\n\t\t\t<\/div><\/figure><figure class='gallery-item'>\n\t\t\t<div class='gallery-icon portrait'>\n\t\t\t\t<a href='https:\/\/aconteceunovale.com.br\/portal\/wp-content\/uploads\/2014\/05\/marcha_das_vadias_bh_24_05_8.jpg'><img loading=\"lazy\" decoding=\"async\" width=\"150\" height=\"150\" src=\"https:\/\/aconteceunovale.com.br\/portal\/wp-content\/uploads\/2014\/05\/marcha_das_vadias_bh_24_05_8-150x150.jpg\" class=\"attachment-thumbnail size-thumbnail\" alt=\"\" \/><\/a>\n\t\t\t<\/div><\/figure><figure class='gallery-item'>\n\t\t\t<div class='gallery-icon landscape'>\n\t\t\t\t<a href='https:\/\/aconteceunovale.com.br\/portal\/wp-content\/uploads\/2014\/05\/marcha_das_vadias_bh_24_05_9.jpg'><img loading=\"lazy\" decoding=\"async\" width=\"150\" height=\"150\" src=\"https:\/\/aconteceunovale.com.br\/portal\/wp-content\/uploads\/2014\/05\/marcha_das_vadias_bh_24_05_9-150x150.jpg\" class=\"attachment-thumbnail size-thumbnail\" alt=\"\" \/><\/a>\n\t\t\t<\/div><\/figure><figure class='gallery-item'>\n\t\t\t<div class='gallery-icon portrait'>\n\t\t\t\t<a href='https:\/\/aconteceunovale.com.br\/portal\/wp-content\/uploads\/2014\/05\/marcha_das_vadias_bh_24_05_10.jpg'><img loading=\"lazy\" decoding=\"async\" width=\"150\" height=\"150\" src=\"https:\/\/aconteceunovale.com.br\/portal\/wp-content\/uploads\/2014\/05\/marcha_das_vadias_bh_24_05_10-150x150.jpg\" class=\"attachment-thumbnail size-thumbnail\" alt=\"\" \/><\/a>\n\t\t\t<\/div><\/figure><figure class='gallery-item'>\n\t\t\t<div class='gallery-icon portrait'>\n\t\t\t\t<a href='https:\/\/aconteceunovale.com.br\/portal\/wp-content\/uploads\/2014\/05\/marcha_das_vadias_bh_24_05_11.jpg'><img loading=\"lazy\" decoding=\"async\" width=\"150\" height=\"150\" src=\"https:\/\/aconteceunovale.com.br\/portal\/wp-content\/uploads\/2014\/05\/marcha_das_vadias_bh_24_05_11-150x150.jpg\" class=\"attachment-thumbnail size-thumbnail\" alt=\"\" \/><\/a>\n\t\t\t<\/div><\/figure><figure class='gallery-item'>\n\t\t\t<div class='gallery-icon landscape'>\n\t\t\t\t<a href='https:\/\/aconteceunovale.com.br\/portal\/wp-content\/uploads\/2014\/05\/marcha_das_vadias_bh_24_05_12.jpg'><img loading=\"lazy\" decoding=\"async\" width=\"150\" height=\"150\" src=\"https:\/\/aconteceunovale.com.br\/portal\/wp-content\/uploads\/2014\/05\/marcha_das_vadias_bh_24_05_12-150x150.jpg\" class=\"attachment-thumbnail size-thumbnail\" alt=\"\" \/><\/a>\n\t\t\t<\/div><\/figure><figure class='gallery-item'>\n\t\t\t<div class='gallery-icon landscape'>\n\t\t\t\t<a href='https:\/\/aconteceunovale.com.br\/portal\/wp-content\/uploads\/2014\/05\/marcha_das_vadias_bh_24_05_13.jpg'><img loading=\"lazy\" decoding=\"async\" width=\"150\" height=\"150\" src=\"https:\/\/aconteceunovale.com.br\/portal\/wp-content\/uploads\/2014\/05\/marcha_das_vadias_bh_24_05_13-150x150.jpg\" class=\"attachment-thumbnail size-thumbnail\" alt=\"\" \/><\/a>\n\t\t\t<\/div><\/figure><figure class='gallery-item'>\n\t\t\t<div class='gallery-icon landscape'>\n\t\t\t\t<a href='https:\/\/aconteceunovale.com.br\/portal\/wp-content\/uploads\/2014\/05\/marcha_das_vadias_bh_24_05_14.jpg'><img loading=\"lazy\" decoding=\"async\" width=\"150\" height=\"150\" src=\"https:\/\/aconteceunovale.com.br\/portal\/wp-content\/uploads\/2014\/05\/marcha_das_vadias_bh_24_05_14-150x150.jpg\" class=\"attachment-thumbnail size-thumbnail\" alt=\"\" \/><\/a>\n\t\t\t<\/div><\/figure><figure class='gallery-item'>\n\t\t\t<div class='gallery-icon portrait'>\n\t\t\t\t<a href='https:\/\/aconteceunovale.com.br\/portal\/wp-content\/uploads\/2014\/05\/marcha_das_vadias_bh_24_05_15.jpg'><img loading=\"lazy\" decoding=\"async\" width=\"150\" height=\"150\" src=\"https:\/\/aconteceunovale.com.br\/portal\/wp-content\/uploads\/2014\/05\/marcha_das_vadias_bh_24_05_15-150x150.jpg\" class=\"attachment-thumbnail size-thumbnail\" alt=\"\" \/><\/a>\n\t\t\t<\/div><\/figure><figure class='gallery-item'>\n\t\t\t<div class='gallery-icon landscape'>\n\t\t\t\t<a href='https:\/\/aconteceunovale.com.br\/portal\/wp-content\/uploads\/2014\/05\/marcha_das_vadias_bh_24_05_16.jpg'><img loading=\"lazy\" decoding=\"async\" width=\"150\" height=\"150\" src=\"https:\/\/aconteceunovale.com.br\/portal\/wp-content\/uploads\/2014\/05\/marcha_das_vadias_bh_24_05_16-150x150.jpg\" class=\"attachment-thumbnail size-thumbnail\" alt=\"\" \/><\/a>\n\t\t\t<\/div><\/figure><figure class='gallery-item'>\n\t\t\t<div class='gallery-icon portrait'>\n\t\t\t\t<a href='https:\/\/aconteceunovale.com.br\/portal\/wp-content\/uploads\/2014\/05\/marcha_das_vadias_bh_24_05_17.jpg'><img loading=\"lazy\" decoding=\"async\" width=\"150\" height=\"150\" src=\"https:\/\/aconteceunovale.com.br\/portal\/wp-content\/uploads\/2014\/05\/marcha_das_vadias_bh_24_05_17-150x150.jpg\" class=\"attachment-thumbnail size-thumbnail\" alt=\"\" \/><\/a>\n\t\t\t<\/div><\/figure><figure class='gallery-item'>\n\t\t\t<div class='gallery-icon landscape'>\n\t\t\t\t<a href='https:\/\/aconteceunovale.com.br\/portal\/wp-content\/uploads\/2014\/05\/marcha_das_vadias_bh_24_05_18.jpg'><img loading=\"lazy\" decoding=\"async\" width=\"150\" height=\"150\" src=\"https:\/\/aconteceunovale.com.br\/portal\/wp-content\/uploads\/2014\/05\/marcha_das_vadias_bh_24_05_18-150x150.jpg\" class=\"attachment-thumbnail size-thumbnail\" alt=\"\" \/><\/a>\n\t\t\t<\/div><\/figure><figure class='gallery-item'>\n\t\t\t<div class='gallery-icon landscape'>\n\t\t\t\t<a href='https:\/\/aconteceunovale.com.br\/portal\/wp-content\/uploads\/2014\/05\/marcha_das_vadias_bh_24_05_19.jpg'><img loading=\"lazy\" decoding=\"async\" width=\"150\" height=\"150\" src=\"https:\/\/aconteceunovale.com.br\/portal\/wp-content\/uploads\/2014\/05\/marcha_das_vadias_bh_24_05_19-150x150.jpg\" class=\"attachment-thumbnail size-thumbnail\" alt=\"\" \/><\/a>\n\t\t\t<\/div><\/figure><figure class='gallery-item'>\n\t\t\t<div class='gallery-icon landscape'>\n\t\t\t\t<a href='https:\/\/aconteceunovale.com.br\/portal\/wp-content\/uploads\/2014\/05\/marcha_das_vadias_bh_24_05_20.jpg'><img loading=\"lazy\" decoding=\"async\" width=\"150\" height=\"150\" src=\"https:\/\/aconteceunovale.com.br\/portal\/wp-content\/uploads\/2014\/05\/marcha_das_vadias_bh_24_05_20-150x150.jpg\" class=\"attachment-thumbnail size-thumbnail\" alt=\"\" \/><\/a>\n\t\t\t<\/div><\/figure><figure class='gallery-item'>\n\t\t\t<div class='gallery-icon landscape'>\n\t\t\t\t<a href='https:\/\/aconteceunovale.com.br\/portal\/wp-content\/uploads\/2014\/05\/marcha_das_vadias_bh_24_05_21.jpg'><img loading=\"lazy\" decoding=\"async\" width=\"150\" height=\"150\" src=\"https:\/\/aconteceunovale.com.br\/portal\/wp-content\/uploads\/2014\/05\/marcha_das_vadias_bh_24_05_21-150x150.jpg\" class=\"attachment-thumbnail size-thumbnail\" alt=\"\" \/><\/a>\n\t\t\t<\/div><\/figure><figure class='gallery-item'>\n\t\t\t<div class='gallery-icon landscape'>\n\t\t\t\t<a href='https:\/\/aconteceunovale.com.br\/portal\/wp-content\/uploads\/2014\/05\/marcha_das_vadias_bh_24_05_22.jpg'><img loading=\"lazy\" decoding=\"async\" width=\"150\" height=\"150\" src=\"https:\/\/aconteceunovale.com.br\/portal\/wp-content\/uploads\/2014\/05\/marcha_das_vadias_bh_24_05_22-150x150.jpg\" class=\"attachment-thumbnail size-thumbnail\" alt=\"\" \/><\/a>\n\t\t\t<\/div><\/figure><figure class='gallery-item'>\n\t\t\t<div class='gallery-icon landscape'>\n\t\t\t\t<a href='https:\/\/aconteceunovale.com.br\/portal\/wp-content\/uploads\/2014\/05\/marcha_das_vadias_bh_24_05_23.jpg'><img loading=\"lazy\" decoding=\"async\" width=\"150\" height=\"150\" src=\"https:\/\/aconteceunovale.com.br\/portal\/wp-content\/uploads\/2014\/05\/marcha_das_vadias_bh_24_05_23-150x150.jpg\" class=\"attachment-thumbnail size-thumbnail\" alt=\"\" \/><\/a>\n\t\t\t<\/div><\/figure><figure class='gallery-item'>\n\t\t\t<div class='gallery-icon landscape'>\n\t\t\t\t<a href='https:\/\/aconteceunovale.com.br\/portal\/wp-content\/uploads\/2014\/05\/marcha_das_vadias_bh_24_05_24.jpg'><img loading=\"lazy\" decoding=\"async\" width=\"150\" height=\"150\" src=\"https:\/\/aconteceunovale.com.br\/portal\/wp-content\/uploads\/2014\/05\/marcha_das_vadias_bh_24_05_24-150x150.jpg\" class=\"attachment-thumbnail size-thumbnail\" alt=\"\" \/><\/a>\n\t\t\t<\/div><\/figure><figure class='gallery-item'>\n\t\t\t<div class='gallery-icon landscape'>\n\t\t\t\t<a href='https:\/\/aconteceunovale.com.br\/portal\/wp-content\/uploads\/2014\/05\/marcha_das_vadias_bh_24_05_25.jpg'><img loading=\"lazy\" decoding=\"async\" width=\"150\" height=\"150\" src=\"https:\/\/aconteceunovale.com.br\/portal\/wp-content\/uploads\/2014\/05\/marcha_das_vadias_bh_24_05_25-150x150.jpg\" class=\"attachment-thumbnail size-thumbnail\" alt=\"\" \/><\/a>\n\t\t\t<\/div><\/figure><figure class='gallery-item'>\n\t\t\t<div class='gallery-icon portrait'>\n\t\t\t\t<a href='https:\/\/aconteceunovale.com.br\/portal\/wp-content\/uploads\/2014\/05\/marcha_das_vadias_bh_24_05_26.jpg'><img loading=\"lazy\" decoding=\"async\" width=\"150\" height=\"150\" src=\"https:\/\/aconteceunovale.com.br\/portal\/wp-content\/uploads\/2014\/05\/marcha_das_vadias_bh_24_05_26-150x150.jpg\" class=\"attachment-thumbnail size-thumbnail\" alt=\"\" \/><\/a>\n\t\t\t<\/div><\/figure>\n\t\t<\/div>\n<br \/>\n<strong>(Fonte: Hoje em Dia)<\/strong><\/p>\n","protected":false},"excerpt":{"rendered":"<p>Cerca de 400 pessoas reuniram-se na Pra\u00e7a da Rodovi\u00e1ria, Regi\u00e3o Centro-Sul da cidade, para o quarto ato promovido pela Marcha das Vadias, na tarde deste s\u00e1bado (24). Os participantes, mulheres em sua maioria, levaram cartazes e exibiram mensagens pintadas no pr\u00f3prio corpo pedindo o fim da cultura machista e discriminat\u00f3ria. De acordo com uma das [&hellip;]<\/p>\n","protected":false},"author":1,"featured_media":30113,"comment_status":"open","ping_status":"closed","sticky":false,"template":"","format":"standard","meta":{"amp_status":"","footnotes":""},"categories":[123],"tags":[1018,7960,7958,7957,7961,7959],"class_list":["post-30112","post","type-post","status-publish","format-standard","has-post-thumbnail","hentry","category-gerais","tag-destaque","tag-fotos-da-marcha-das-vadias-em-belo-horizonte","tag-manifestantes-pedem-o-fim-do-machismo-e-discriminacao-contra-mulheres-durante-marcha-das-vadias-em-belo-horizonte","tag-manifestantes-pedem-o-fim-do-machismo-e-discriminacao-contra-mulheres-durante-marcha-das-vadias-em-bh","tag-manifestantes-pedem-o-fim-do-machismo-e-discriminacao-contra-mulheres-na-marcha-das-vadias","tag-marcha-das-vadias-em-belo-horizonte"],"_links":{"self":[{"href":"https:\/\/aconteceunovale.com.br\/portal\/index.php?rest_route=\/wp\/v2\/posts\/30112","targetHints":{"allow":["GET"]}}],"collection":[{"href":"https:\/\/aconteceunovale.com.br\/portal\/index.php?rest_route=\/wp\/v2\/posts"}],"about":[{"href":"https:\/\/aconteceunovale.com.br\/portal\/index.php?rest_route=\/wp\/v2\/types\/post"}],"author":[{"embeddable":true,"href":"https:\/\/aconteceunovale.com.br\/portal\/index.php?rest_route=\/wp\/v2\/users\/1"}],"replies":[{"embeddable":true,"href":"https:\/\/aconteceunovale.com.br\/portal\/index.php?rest_route=%2Fwp%2Fv2%2Fcomments&post=30112"}],"version-history":[{"count":0,"href":"https:\/\/aconteceunovale.com.br\/portal\/index.php?rest_route=\/wp\/v2\/posts\/30112\/revisions"}],"wp:featuredmedia":[{"embeddable":true,"href":"https:\/\/aconteceunovale.com.br\/portal\/index.php?rest_route=\/wp\/v2\/media\/30113"}],"wp:attachment":[{"href":"https:\/\/aconteceunovale.com.br\/portal\/index.php?rest_route=%2Fwp%2Fv2%2Fmedia&parent=30112"}],"wp:term":[{"taxonomy":"category","embeddable":true,"href":"https:\/\/aconteceunovale.com.br\/portal\/index.php?rest_route=%2Fwp%2Fv2%2Fcategories&post=30112"},{"taxonomy":"post_tag","embeddable":true,"href":"https:\/\/aconteceunovale.com.br\/portal\/index.php?rest_route=%2Fwp%2Fv2%2Ftags&post=30112"}],"curies":[{"name":"wp","href":"https:\/\/api.w.org\/{rel}","templated":true}]}}