{"id":30107,"date":"2014-05-24T20:31:39","date_gmt":"2014-05-24T23:31:39","guid":{"rendered":"http:\/\/aconteceunovale.com.br\/portal\/?p=30107"},"modified":"2014-05-24T20:39:12","modified_gmt":"2014-05-24T23:39:12","slug":"marcha-contra-o-crack-reune-mais-de-20-mil-pessoas-em-belo-horizonte","status":"publish","type":"post","link":"https:\/\/aconteceunovale.com.br\/portal\/?p=30107","title":{"rendered":"Marcha contra o crack re\u00fane mais de 20 mil pessoas em Belo Horizonte"},"content":{"rendered":"<p>Nesta s\u00e1bado, 24 de maio, aconteceu em Belo Horizonte, a 3\u00aa Marcha Contra o Crack e outras Drogas. Segundo estimativa da Pol\u00edcia Militar, o evento reuniu em torno de 22 mil pessoas. Os manifestantes se concentraram nas imedia\u00e7\u00f5es do Col\u00e9gio Estadual Central, no Bairro Lourdes, e caminharam at\u00e9 a Pra\u00e7a da Assembleia, no Bairro Santo Agostinho.<\/p>\n<p>O ato faz parte da Semana Estadual de Preven\u00e7\u00e3o \u00e0s Drogas, que acontece anualmente em junho, mas teve sua data alterada devido \u00e0 realiza\u00e7\u00e3o do Mundial. A inten\u00e7\u00e3o \u00e9 sensibilizar contra o abuso do consumo de entorpecentes, alertar sobre preven\u00e7\u00e3o e mobilizar a sociedade civil.<\/p>\n<p>Ap\u00f3s a passeata, em torno de cinco mil alunos de escolas estaduais participaram de um evento cultural com fanfarras, balizas e outras atra\u00e7\u00f5es, na Pra\u00e7a da Assembleia.<\/p>\n<p><img decoding=\"async\" src=\"http:\/\/aconteceunovale.com.br\/portal\/wp-content\/uploads\/2014\/05\/marcha_contra_crack_bh_24_05.jpg\" alt=\"\" \/><em>A 3\u00aa Marcha Contra o Crack e outras Drogas reuniu 22 mil pessoas em BH &#8211; Foto: Jair Amaral \/ EM<\/em><br \/>\n<\/br><\/p>\n<p><strong>(Fonte: Estado de Minas)<\/strong><\/p>\n","protected":false},"excerpt":{"rendered":"<p>Nesta s\u00e1bado, 24 de maio, aconteceu em Belo Horizonte, a 3\u00aa Marcha Contra o Crack e outras Drogas. Segundo estimativa da Pol\u00edcia Militar, o evento reuniu em torno de 22 mil pessoas. Os manifestantes se concentraram nas imedia\u00e7\u00f5es do Col\u00e9gio Estadual Central, no Bairro Lourdes, e caminharam at\u00e9 a Pra\u00e7a da Assembleia, no Bairro Santo [&hellip;]<\/p>\n","protected":false},"author":1,"featured_media":30108,"comment_status":"open","ping_status":"closed","sticky":false,"template":"","format":"standard","meta":{"amp_status":"","footnotes":""},"categories":[123],"tags":[7956,194,1018,7955,7954],"class_list":["post-30107","post","type-post","status-publish","format-standard","has-post-thumbnail","hentry","category-gerais","tag-3a-marcha-contra-o-crack-em-belo-horizonte","tag-belo-horizonte","tag-destaque","tag-marcha-contra-o-crack-em-belo-horizonte","tag-marcha-contra-o-crack-reune-mais-de-20-mil-pessoas-em-belo-horizonte"],"_links":{"self":[{"href":"https:\/\/aconteceunovale.com.br\/portal\/index.php?rest_route=\/wp\/v2\/posts\/30107","targetHints":{"allow":["GET"]}}],"collection":[{"href":"https:\/\/aconteceunovale.com.br\/portal\/index.php?rest_route=\/wp\/v2\/posts"}],"about":[{"href":"https:\/\/aconteceunovale.com.br\/portal\/index.php?rest_route=\/wp\/v2\/types\/post"}],"author":[{"embeddable":true,"href":"https:\/\/aconteceunovale.com.br\/portal\/index.php?rest_route=\/wp\/v2\/users\/1"}],"replies":[{"embeddable":true,"href":"https:\/\/aconteceunovale.com.br\/portal\/index.php?rest_route=%2Fwp%2Fv2%2Fcomments&post=30107"}],"version-history":[{"count":0,"href":"https:\/\/aconteceunovale.com.br\/portal\/index.php?rest_route=\/wp\/v2\/posts\/30107\/revisions"}],"wp:featuredmedia":[{"embeddable":true,"href":"https:\/\/aconteceunovale.com.br\/portal\/index.php?rest_route=\/wp\/v2\/media\/30108"}],"wp:attachment":[{"href":"https:\/\/aconteceunovale.com.br\/portal\/index.php?rest_route=%2Fwp%2Fv2%2Fmedia&parent=30107"}],"wp:term":[{"taxonomy":"category","embeddable":true,"href":"https:\/\/aconteceunovale.com.br\/portal\/index.php?rest_route=%2Fwp%2Fv2%2Fcategories&post=30107"},{"taxonomy":"post_tag","embeddable":true,"href":"https:\/\/aconteceunovale.com.br\/portal\/index.php?rest_route=%2Fwp%2Fv2%2Ftags&post=30107"}],"curies":[{"name":"wp","href":"https:\/\/api.w.org\/{rel}","templated":true}]}}