{"id":30103,"date":"2014-05-24T20:24:21","date_gmt":"2014-05-24T23:24:21","guid":{"rendered":"http:\/\/aconteceunovale.com.br\/portal\/?p=30103"},"modified":"2014-05-24T20:24:21","modified_gmt":"2014-05-24T23:24:21","slug":"parque-nacional-do-caparao-completa-52-anos-neste-sabado","status":"publish","type":"post","link":"https:\/\/aconteceunovale.com.br\/portal\/?p=30103","title":{"rendered":"Parque Nacional do Capara\u00f3 completa 52 anos neste s\u00e1bado"},"content":{"rendered":"<h4><strong>Ponto tur\u00edstico na divisa entre Minas e o Esp\u00edrito Santo, o parque tem 31.853 hectares e abriga o terceiro ponto mais alto do pa\u00eds &#8211; o Pico da Bandeira<\/strong><\/h4>\n<p><img decoding=\"async\" src=\"http:\/\/aconteceunovale.com.br\/portal\/wp-content\/uploads\/2014\/05\/parque_do_caparao_52_anos_1.jpg\" alt=\"\" \/><em><strong>Vista geral do Terreir\u00e3o no Parque Nacional do Capara\u00f3 &#8211; Foto: Bruno Magalh\u00e3es \/ Nitro<\/strong><\/em><br \/>\n<\/br><\/p>\n<p>O Parque Nacional do Capara\u00f3, que abriga o terceiro ponto mais alto do pa\u00eds, o Pico da Bandeira, completa neste s\u00e1bado 52 anos. Ele foi criado em 24 de maio de 1961 pelo decreto federal n\u00ba 50.646, assinado ent\u00e3o pelo presidente J\u00e2nio Quadros e atualmente \u00e9 administrado pelo Instituto Chico Mendes de Conserva\u00e7\u00e3o da Biodiversidade (ICMBio).<\/p>\n<p>Localizado na Serra do Capara\u00f3, na divisa dos estados de Minas Gerais e Esp\u00edrito Santo, o parque \u00e9 um dos destinos mais procurados pelos adeptos do montanhismo no Brasil. <\/p>\n<p>Abriga o pico de 2.892 metros de altitude. Al\u00e9m das trilhas, os visitantes podem se deliciar com banhos em cachoeira e piscinas naturais, observar deslumbrantes visuais da Serra do Capara\u00f3 e regi\u00e3o, com belos espet\u00e1culos no alvorecer e no p\u00f4r do sol.<\/p>\n<p>O parque disp\u00f5e de quatro \u00e1reas de acampamento pela portaria de Alto Capara\u00f3 em MG &#8211; \u201cTronqueira\u201d e \u201cTerreir\u00e3o\u201d &#8211; e pela Portaria de Pedra Menina no ES &#8211; \u201cMacieira\u201d e \u201cCasa Queimada\u201d, com sanit\u00e1rios, lava-pratos, mesas, bancos, quiosques (estes \u00faltimos apenas na \u201cTronqueira\u201d) e, ainda, churrasqueiras na \u00e1rea de visita\u00e7\u00e3o denominada \u201cVale Verde\u201d e no acampamento \u201cMacieira\u201d. <\/p>\n<p>Caminhadas em \u00e1reas de florestas e, especialmente, pelos campos de altitude s\u00e3o outras atra\u00e7\u00f5es do parque, prop\u00edcio tamb\u00e9m para observa\u00e7\u00e3o de aves.<\/p>\n<p>O parque tem 31.853 hectares, correspondendo a quase a totalidade da Serra do Capara\u00f3, com \u00e1reas de nove munic\u00edpios. A \u00e1rea est\u00e1 aberta a visita\u00e7\u00e3o de segunda a domingo de 7h \u00e0s 18h e atrai muitos turistas. Durante a Copa da Confedera\u00e7\u00f5es, por exemplo, os estrangeiros procuraram a cidade de Carangola, que faz parte da \u00e1rea do parque. <\/p>\n<p><img decoding=\"async\" src=\"http:\/\/aconteceunovale.com.br\/portal\/wp-content\/uploads\/2014\/05\/parque_do_caparao_52_anos_2.jpg\" alt=\"\" \/><em><strong>Foto: S\u00e9rgio Mour\u00e3o \/ Setur-MG \/ Divulga\u00e7\u00e3o<\/strong><\/em><br \/>\n<\/br><\/p>\n<p><strong>(Fonte: Estado de Minas)<\/strong><\/p>\n","protected":false},"excerpt":{"rendered":"<p>Ponto tur\u00edstico na divisa entre Minas e o Esp\u00edrito Santo, o parque tem 31.853 hectares e abriga o terceiro ponto mais alto do pa\u00eds &#8211; o Pico da Bandeira Vista geral do Terreir\u00e3o no Parque Nacional do Capara\u00f3 &#8211; Foto: Bruno Magalh\u00e3es \/ Nitro O Parque Nacional do Capara\u00f3, que abriga o terceiro ponto mais [&hellip;]<\/p>\n","protected":false},"author":1,"featured_media":30104,"comment_status":"open","ping_status":"closed","sticky":false,"template":"","format":"standard","meta":{"amp_status":"","footnotes":""},"categories":[123],"tags":[1018,7953,7952],"class_list":["post-30103","post","type-post","status-publish","format-standard","has-post-thumbnail","hentry","category-gerais","tag-destaque","tag-parque-nacional-do-caparao","tag-parque-nacional-do-caparao-completa-52-anos-neste-sabado"],"_links":{"self":[{"href":"https:\/\/aconteceunovale.com.br\/portal\/index.php?rest_route=\/wp\/v2\/posts\/30103","targetHints":{"allow":["GET"]}}],"collection":[{"href":"https:\/\/aconteceunovale.com.br\/portal\/index.php?rest_route=\/wp\/v2\/posts"}],"about":[{"href":"https:\/\/aconteceunovale.com.br\/portal\/index.php?rest_route=\/wp\/v2\/types\/post"}],"author":[{"embeddable":true,"href":"https:\/\/aconteceunovale.com.br\/portal\/index.php?rest_route=\/wp\/v2\/users\/1"}],"replies":[{"embeddable":true,"href":"https:\/\/aconteceunovale.com.br\/portal\/index.php?rest_route=%2Fwp%2Fv2%2Fcomments&post=30103"}],"version-history":[{"count":0,"href":"https:\/\/aconteceunovale.com.br\/portal\/index.php?rest_route=\/wp\/v2\/posts\/30103\/revisions"}],"wp:featuredmedia":[{"embeddable":true,"href":"https:\/\/aconteceunovale.com.br\/portal\/index.php?rest_route=\/wp\/v2\/media\/30104"}],"wp:attachment":[{"href":"https:\/\/aconteceunovale.com.br\/portal\/index.php?rest_route=%2Fwp%2Fv2%2Fmedia&parent=30103"}],"wp:term":[{"taxonomy":"category","embeddable":true,"href":"https:\/\/aconteceunovale.com.br\/portal\/index.php?rest_route=%2Fwp%2Fv2%2Fcategories&post=30103"},{"taxonomy":"post_tag","embeddable":true,"href":"https:\/\/aconteceunovale.com.br\/portal\/index.php?rest_route=%2Fwp%2Fv2%2Ftags&post=30103"}],"curies":[{"name":"wp","href":"https:\/\/api.w.org\/{rel}","templated":true}]}}