{"id":30100,"date":"2014-05-24T20:09:26","date_gmt":"2014-05-24T23:09:26","guid":{"rendered":"http:\/\/aconteceunovale.com.br\/portal\/?p=30100"},"modified":"2014-05-24T20:09:26","modified_gmt":"2014-05-24T23:09:26","slug":"carro-perde-o-freio-e-cai-em-cima-de-casa-em-coronel-fabriciano","status":"publish","type":"post","link":"https:\/\/aconteceunovale.com.br\/portal\/?p=30100","title":{"rendered":"Carro perde o freio e cai em cima de casa em Coronel Fabriciano"},"content":{"rendered":"<p>Um ve\u00edculo caiu em cima de uma casa na manh\u00e3 deste s\u00e1bado, 24 de maio, na Rua Benedito Pac\u00edfico, no Bairro Morro do Carmo, em Coronel Fabriciano\/MG. O ve\u00edculo teria ficado sem freios quando o condutor tentava fazer uma manobra. <\/p>\n<p>O morador da casa, Joaquim Bernardo dos Santos, relatou que minutos antes do acidente esteve na varanda onde o carro caiu. J\u00e1 sua esposa, Zilda Lage, n\u00e3o estava no local, mas foi avisada pelo filho. Assustada, ela cobra a instala\u00e7\u00e3o de uma barra de prote\u00e7\u00e3o no local.<\/p>\n<p>Apesar do susto e preju\u00edzos,  o motorista teve apenas ferimentos leves. Ele foi socorrido e encaminhado para atendimento m\u00e9dico.<\/p>\n<p><img decoding=\"async\" src=\"http:\/\/aconteceunovale.com.br\/portal\/wp-content\/uploads\/2014\/05\/carro_cai_em_cima_de_casa_fabri.jpg\" alt=\"\" \/><strong>(Foto: Pol\u00edcia Militar)<\/strong><\/p>\n","protected":false},"excerpt":{"rendered":"<p>Um ve\u00edculo caiu em cima de uma casa na manh\u00e3 deste s\u00e1bado, 24 de maio, na Rua Benedito Pac\u00edfico, no Bairro Morro do Carmo, em Coronel Fabriciano\/MG. O ve\u00edculo teria ficado sem freios quando o condutor tentava fazer uma manobra. O morador da casa, Joaquim Bernardo dos Santos, relatou que minutos antes do acidente esteve [&hellip;]<\/p>\n","protected":false},"author":1,"featured_media":30101,"comment_status":"open","ping_status":"closed","sticky":false,"template":"","format":"standard","meta":{"amp_status":"","footnotes":""},"categories":[121],"tags":[7951,1524,1018],"class_list":["post-30100","post","type-post","status-publish","format-standard","has-post-thumbnail","hentry","category-leste","tag-carro-perde-o-freio-e-cai-em-cima-de-casa-em-coronel-fabriciano","tag-coronel-fabriciano","tag-destaque"],"_links":{"self":[{"href":"https:\/\/aconteceunovale.com.br\/portal\/index.php?rest_route=\/wp\/v2\/posts\/30100","targetHints":{"allow":["GET"]}}],"collection":[{"href":"https:\/\/aconteceunovale.com.br\/portal\/index.php?rest_route=\/wp\/v2\/posts"}],"about":[{"href":"https:\/\/aconteceunovale.com.br\/portal\/index.php?rest_route=\/wp\/v2\/types\/post"}],"author":[{"embeddable":true,"href":"https:\/\/aconteceunovale.com.br\/portal\/index.php?rest_route=\/wp\/v2\/users\/1"}],"replies":[{"embeddable":true,"href":"https:\/\/aconteceunovale.com.br\/portal\/index.php?rest_route=%2Fwp%2Fv2%2Fcomments&post=30100"}],"version-history":[{"count":0,"href":"https:\/\/aconteceunovale.com.br\/portal\/index.php?rest_route=\/wp\/v2\/posts\/30100\/revisions"}],"wp:featuredmedia":[{"embeddable":true,"href":"https:\/\/aconteceunovale.com.br\/portal\/index.php?rest_route=\/wp\/v2\/media\/30101"}],"wp:attachment":[{"href":"https:\/\/aconteceunovale.com.br\/portal\/index.php?rest_route=%2Fwp%2Fv2%2Fmedia&parent=30100"}],"wp:term":[{"taxonomy":"category","embeddable":true,"href":"https:\/\/aconteceunovale.com.br\/portal\/index.php?rest_route=%2Fwp%2Fv2%2Fcategories&post=30100"},{"taxonomy":"post_tag","embeddable":true,"href":"https:\/\/aconteceunovale.com.br\/portal\/index.php?rest_route=%2Fwp%2Fv2%2Ftags&post=30100"}],"curies":[{"name":"wp","href":"https:\/\/api.w.org\/{rel}","templated":true}]}}