{"id":30087,"date":"2014-05-24T10:40:46","date_gmt":"2014-05-24T13:40:46","guid":{"rendered":"http:\/\/aconteceunovale.com.br\/portal\/?p=30087"},"modified":"2014-05-24T10:40:46","modified_gmt":"2014-05-24T13:40:46","slug":"comissao-de-educacao-da-assembleia-legislativa-visita-apae-de-aracuai","status":"publish","type":"post","link":"https:\/\/aconteceunovale.com.br\/portal\/?p=30087","title":{"rendered":"Comiss\u00e3o de Educa\u00e7\u00e3o da Assembl\u00e9ia Legislativa visita Apae de Ara\u00e7ua\u00ed"},"content":{"rendered":"<p>Conhecer os servi\u00e7os prestados e verificar a infraestrutura e as condi\u00e7\u00f5es de funcionamento das Apaes na circunscri\u00e7\u00e3o dos Conselhos Regionais Vale do Jequitinhonha, Vale do Mucuri e Tr\u00eas Vales, vinculados \u00e0 Federa\u00e7\u00e3o das Apaes\/MG.<\/p>\n<p>Esse \u00e9 o objetivo de visita e audi\u00eancia p\u00fablica da Comiss\u00e3o de Educa\u00e7\u00e3o, Ci\u00eancia e Tecnologia da Assembleia Legislativa de Minas Gerais (ALMG), que acontecem nesta a ter\u00e7a-feira (27) na Associa\u00e7\u00e3o dos Pais e Amigos do Excepcionais (Apae) de Ara\u00e7ua\u00ed , no Vale do Jequitinhonha.<\/p>\n<p>A visita ser\u00e1 na unidade que fica na rua Prefeito Franklin Fulg\u00eancio, 25, no bairro Juparan\u00e1, as 10 horas.<\/p>\n<p>A audi\u00eancia est\u00e1 marcada para \u00e0s 13h30 e ser\u00e1 realizada no Centro Cultural Luz da Lua (rua Dom Serafim, 426 &#8211; bairro Esplanada). O requerimento que motivou a atividade \u00e9 o deputado Duarte Bechir (PSD). Esta ser\u00e1 a nona audi\u00eancia sobre Apaes do Estado.<\/p>\n<p>De acordo com o deputado Duarte Bechir, est\u00e1 chegando ao final a s\u00e9rie de audi\u00eancias previstas pela comiss\u00e3o. &#8220;Os dados, sugest\u00f5es, informa\u00e7\u00f5es e pleitos formulados nos diferentes encontros j\u00e1 est\u00e3o sendo compilados, para que na Reuni\u00e3o Especial, que ocorrer\u00e1 no dia 2 de julho, no Parlamento Mineiro, seja feita a entrega de um relat\u00f3rio, que servir\u00e1 como instrumento de a\u00e7\u00e3o para nortear medidas a serem adotadas na esfera do governo estadual, em favor de nossas Apaes&#8221;, disse.<\/p>\n<p>Convidados: Participam da visita e da reuni\u00e3o o prefeito  de Ara\u00e7ua\u00ed, Armando Jardim Paix\u00e3o; a vice-prefeita de Ara\u00e7ua\u00ed, Rita de C\u00e1ssia Silva Capdeville; o presidente da C\u00e2mara Municipal de Ara\u00e7ua\u00ed,; a secret\u00e1ria de Estado de Educa\u00e7\u00e3o, Ana L\u00facia Almeida Gazzola; o secret\u00e1rio de Estado de Trabalho e Desenvolvimento Social, Eduardo Prates Octaviani Bernis; a secret\u00e1ria Municipal de Desenvolvimento Social de Ara\u00e7ua\u00ed, Aline Sena Carmona; a secret\u00e1ria Municipal de Sa\u00fade de Ara\u00e7ua\u00ed, Maria de Jesus Loredo Rocha; a secret\u00e1ria Municipal de Educa\u00e7\u00e3o de Ara\u00e7ua\u00ed, Maristane Oliveira de Carvalho; a promotora de justi\u00e7a da Comarca de Ara\u00e7ua\u00ed, Marcele Cristina Cavalcante Amaro; a conselheira regional das Apaes do Vale do Jequitinhonha e membro da Associa\u00e7\u00e3o de Pais e Amigos dos Excepcionais &#8211; Apae de Ara\u00e7ua\u00ed, Eunice Maria Tanure Jardim; o representante dos pais da Apae de Ara\u00e7ua\u00ed, Maria Helena Gomes Santos; e o defensor volunt\u00e1rio das Apaes de Minas Gerais, Walmir Rogato Gomes Ruas.<\/p>\n","protected":false},"excerpt":{"rendered":"<p>Conhecer os servi\u00e7os prestados e verificar a infraestrutura e as condi\u00e7\u00f5es de funcionamento das Apaes na circunscri\u00e7\u00e3o dos Conselhos Regionais Vale do Jequitinhonha, Vale do Mucuri e Tr\u00eas Vales, vinculados \u00e0 Federa\u00e7\u00e3o das Apaes\/MG. Esse \u00e9 o objetivo de visita e audi\u00eancia p\u00fablica da Comiss\u00e3o de Educa\u00e7\u00e3o, Ci\u00eancia e Tecnologia da Assembleia Legislativa de Minas [&hellip;]<\/p>\n","protected":false},"author":1,"featured_media":30088,"comment_status":"open","ping_status":"closed","sticky":false,"template":"","format":"standard","meta":{"amp_status":"","footnotes":""},"categories":[120],"tags":[186,7946],"class_list":["post-30087","post","type-post","status-publish","format-standard","has-post-thumbnail","hentry","category-jequi","tag-aracuai","tag-comissao-de-educacao-da-assembleia-legislativa-visita-apae-de-aracuai"],"_links":{"self":[{"href":"https:\/\/aconteceunovale.com.br\/portal\/index.php?rest_route=\/wp\/v2\/posts\/30087","targetHints":{"allow":["GET"]}}],"collection":[{"href":"https:\/\/aconteceunovale.com.br\/portal\/index.php?rest_route=\/wp\/v2\/posts"}],"about":[{"href":"https:\/\/aconteceunovale.com.br\/portal\/index.php?rest_route=\/wp\/v2\/types\/post"}],"author":[{"embeddable":true,"href":"https:\/\/aconteceunovale.com.br\/portal\/index.php?rest_route=\/wp\/v2\/users\/1"}],"replies":[{"embeddable":true,"href":"https:\/\/aconteceunovale.com.br\/portal\/index.php?rest_route=%2Fwp%2Fv2%2Fcomments&post=30087"}],"version-history":[{"count":0,"href":"https:\/\/aconteceunovale.com.br\/portal\/index.php?rest_route=\/wp\/v2\/posts\/30087\/revisions"}],"wp:featuredmedia":[{"embeddable":true,"href":"https:\/\/aconteceunovale.com.br\/portal\/index.php?rest_route=\/wp\/v2\/media\/30088"}],"wp:attachment":[{"href":"https:\/\/aconteceunovale.com.br\/portal\/index.php?rest_route=%2Fwp%2Fv2%2Fmedia&parent=30087"}],"wp:term":[{"taxonomy":"category","embeddable":true,"href":"https:\/\/aconteceunovale.com.br\/portal\/index.php?rest_route=%2Fwp%2Fv2%2Fcategories&post=30087"},{"taxonomy":"post_tag","embeddable":true,"href":"https:\/\/aconteceunovale.com.br\/portal\/index.php?rest_route=%2Fwp%2Fv2%2Ftags&post=30087"}],"curies":[{"name":"wp","href":"https:\/\/api.w.org\/{rel}","templated":true}]}}