{"id":30083,"date":"2014-05-24T10:38:33","date_gmt":"2014-05-24T13:38:33","guid":{"rendered":"http:\/\/aconteceunovale.com.br\/portal\/?p=30083"},"modified":"2014-05-24T19:05:32","modified_gmt":"2014-05-24T22:05:32","slug":"ministerio-da-saude-divulga-impactos-do-mais-medicos-em-municipios-mineiros","status":"publish","type":"post","link":"https:\/\/aconteceunovale.com.br\/portal\/?p=30083","title":{"rendered":"Minist\u00e9rio da Sa\u00fade divulga impactos do Mais M\u00e9dicos em munic\u00edpios mineiros"},"content":{"rendered":"<h4><strong>Os n\u00fameros ser\u00e3o divulgados em semin\u00e1rio que vai contar a presen\u00e7a de gestores dos munic\u00edpios das regi\u00f5es dos Vales do Jequitinhonha, Mucuri e Leste Mineiro<\/strong><\/h4>\n<p>O secret\u00e1rio de Gest\u00e3o do Trabalho e da Educa\u00e7\u00e3o na Sa\u00fade do Minist\u00e9rio da Sa\u00fade, H\u00eaider Pinto, apresenta, nesta segunda-feira (26), em Governador Valadares (MG), os primeiros impactos do Programa Mais M\u00e9dicos nos munic\u00edpios mineiros da regi\u00e3o.<\/p>\n<p>Os n\u00fameros ser\u00e3o divulgados em semin\u00e1rio que vai contar a presen\u00e7a de gestores dos munic\u00edpios dos Vales do Jequitinhonha, Mucuri e Leste Mineiro.<\/p>\n<p>Entre os dados a serem divulgados est\u00e3o o n\u00famero de consultas e encaminhamentos na Aten\u00e7\u00e3o B\u00e1sica dessas localidades.<\/p>\n<p>O evento faz parte do Semin\u00e1rio Mais M\u00e9dicos para o Brasil, Mais Sa\u00fade para os Brasileiros que ser\u00e3o realizados em todo o pa\u00eds pelo Minist\u00e9rio da Sa\u00fade.<\/p>\n<p>O Programa Mais M\u00e9dicos leva profissionais para o interior e periferias de grandes centros, e j\u00e1 conta com mais de 14 mil m\u00e9dicos alocados em unidades b\u00e1sicas de quase quatro mil munic\u00edpios.<\/p>\n<p>Em menos de um ano, a iniciativa do governo federal j\u00e1 impacta na vida de 49 milh\u00f5es de brasileiros.<\/p>\n<p><strong>Semin\u00e1rio sobre impactos do Mais M\u00e9dicos na regi\u00e3o de Governador Valadares:<\/strong> <\/p>\n<p>Data: 26 de maio (Segunda-feira)<\/p>\n<p>Hor\u00e1rio: 9 horas<\/p>\n<p>Local: Ordem dos Advogados do Brasil \u2013 Audit\u00f3rio, Rua Marechal Floriano, 716, Governador Valadares\/MG<\/p>\n","protected":false},"excerpt":{"rendered":"<p>Os n\u00fameros ser\u00e3o divulgados em semin\u00e1rio que vai contar a presen\u00e7a de gestores dos munic\u00edpios das regi\u00f5es dos Vales do Jequitinhonha, Mucuri e Leste Mineiro O secret\u00e1rio de Gest\u00e3o do Trabalho e da Educa\u00e7\u00e3o na Sa\u00fade do Minist\u00e9rio da Sa\u00fade, H\u00eaider Pinto, apresenta, nesta segunda-feira (26), em Governador Valadares (MG), os primeiros impactos do Programa [&hellip;]<\/p>\n","protected":false},"author":1,"featured_media":30085,"comment_status":"closed","ping_status":"closed","sticky":false,"template":"","format":"standard","meta":{"amp_status":"","footnotes":""},"categories":[121],"tags":[247,7945],"class_list":["post-30083","post","type-post","status-publish","format-standard","has-post-thumbnail","hentry","category-leste","tag-governador-valadares","tag-ministerio-da-saude-divulga-impactos-do-mais-medicos-em-municipios-mineiros"],"_links":{"self":[{"href":"https:\/\/aconteceunovale.com.br\/portal\/index.php?rest_route=\/wp\/v2\/posts\/30083","targetHints":{"allow":["GET"]}}],"collection":[{"href":"https:\/\/aconteceunovale.com.br\/portal\/index.php?rest_route=\/wp\/v2\/posts"}],"about":[{"href":"https:\/\/aconteceunovale.com.br\/portal\/index.php?rest_route=\/wp\/v2\/types\/post"}],"author":[{"embeddable":true,"href":"https:\/\/aconteceunovale.com.br\/portal\/index.php?rest_route=\/wp\/v2\/users\/1"}],"replies":[{"embeddable":true,"href":"https:\/\/aconteceunovale.com.br\/portal\/index.php?rest_route=%2Fwp%2Fv2%2Fcomments&post=30083"}],"version-history":[{"count":0,"href":"https:\/\/aconteceunovale.com.br\/portal\/index.php?rest_route=\/wp\/v2\/posts\/30083\/revisions"}],"wp:featuredmedia":[{"embeddable":true,"href":"https:\/\/aconteceunovale.com.br\/portal\/index.php?rest_route=\/wp\/v2\/media\/30085"}],"wp:attachment":[{"href":"https:\/\/aconteceunovale.com.br\/portal\/index.php?rest_route=%2Fwp%2Fv2%2Fmedia&parent=30083"}],"wp:term":[{"taxonomy":"category","embeddable":true,"href":"https:\/\/aconteceunovale.com.br\/portal\/index.php?rest_route=%2Fwp%2Fv2%2Fcategories&post=30083"},{"taxonomy":"post_tag","embeddable":true,"href":"https:\/\/aconteceunovale.com.br\/portal\/index.php?rest_route=%2Fwp%2Fv2%2Ftags&post=30083"}],"curies":[{"name":"wp","href":"https:\/\/api.w.org\/{rel}","templated":true}]}}