{"id":30069,"date":"2014-05-24T09:49:49","date_gmt":"2014-05-24T12:49:49","guid":{"rendered":"http:\/\/aconteceunovale.com.br\/portal\/?p=30069"},"modified":"2014-05-25T17:33:27","modified_gmt":"2014-05-25T20:33:27","slug":"batida-entre-onibus-e-caminhao-deixa-quatro-mortos-e-dezesseis-feridos-no-leste-de-minas","status":"publish","type":"post","link":"https:\/\/aconteceunovale.com.br\/portal\/?p=30069","title":{"rendered":"Batida entre \u00f4nibus e caminh\u00e3o deixa quatro mortos e dezesseis feridos no Leste de Minas"},"content":{"rendered":"<p>Quatro pessoas morreram e dezesseis ficaram feridas em grave acidente na noite desta sexta-feira, 23 de maio, no quil\u00f4metro 62 da MG-111, no trecho entre Manhua\u00e7u e Simon\u00e9sia. Um caminh\u00e3o ba\u00fa ao fazer uma ultrapassagem em uma curva colidiu frontalmente com um \u00f4nibus que transportava estudantes universit\u00e1rios para Ipanema e Concei\u00e7\u00e3o de Ipanema. O condutor do caminh\u00e3o e tr\u00eas estudantes (uma delas gr\u00e1vida) morreram no local.<\/p>\n<p>De acordo com o Sargento Fraga, o motorista do \u00f4nibus Fabr\u00edcio Fontoura deparou com o caminh\u00e3o fazendo a ultrapassagem na curva. \u201cPelo relato da testemunha, em princ\u00edpio, o caminhoneiro n\u00e3o conseguiu retornar para a pista dele e atingiu o \u00f4nibus. Aparentemente o condutor do \u00f4nibus tentou jogar o ve\u00edculo para fora da estrada, mas n\u00e3o foi suficiente para evitar a colis\u00e3o\u201d, detalhou.<\/p>\n<p><img decoding=\"async\" src=\"http:\/\/aconteceunovale.com.br\/portal\/wp-content\/uploads\/2014\/05\/acidente_bus_caminhao_manhuacu_24_05_8.jpg\" alt=\"\" \/><em>(Foto: Carlos Henrique Cruz \/ Portal Capara\u00f3)<\/em><br \/>\n<\/br><\/p>\n<p>Pessoas que passavam na hora do acidente ajudaram a socorrer algumas v\u00edtimas do \u00f4nibus. O motorista do caminh\u00e3o morreu na hora. A parte de cima da cabine foi arrancada e o ba\u00fa totalmente destru\u00eddo.<\/p>\n<p>O Sargento Sanches, do Corpo de Bombeiros, conta que ambul\u00e2ncias de cidades vizinhas ajudaram no socorro, devido \u00e0 quantidade de feridos. \u201cFizemos o trabalho de retirada de tr\u00eas pessoas que estavam presas \u00e0s ferragens. Al\u00e9m da primeira equipe, v\u00e1rios bombeiros que estavam de folga foram chamados e auxiliaram no socorro \u00e0s v\u00edtimas\u201d, detalhou. <\/p>\n<p>Equipes da Pol\u00edcia Militar e da Pol\u00edcia Militar Rodovi\u00e1ria providenciaram o isolamento do local at\u00e9 a chegada da per\u00edcia. Al\u00e9m do motorista do caminh\u00e3o, Tiago de Carvalho Coutinho, 23 anos, morreram no local os estudantes universit\u00e1rios Emanuel Gomes Oliveira Sarmento, 19; Rita de C\u00e1ssia Oliveira, 18; e Gislene Medeiros da Silva, 33, gr\u00e1vida de oito meses.<\/p>\n<p>O \u00f4nibus parou fora da pista, alguns metros depois do ponto de impacto. O caminh\u00e3o ba\u00fa ficou na pista contr\u00e1ria. Parte da cabine foi jogada no mato e um peda\u00e7o do ba\u00fa estava preso ao \u00f4nibus.<\/p>\n<p>O tr\u00e2nsito ficou fechado nos dois sentidos da rodovia. V\u00e1rios estudantes de outros \u00f4nibus e vans pararam e foram at\u00e9 o local. Eles n\u00e3o acreditavam na trag\u00e9dia com colegas que estudam em faculdades de Manhua\u00e7u.<\/p>\n<p>Dezesseis pessoas ficaram feridas e foram conduzidas para a Unidade de Pronto Atendimento (UPA) de Manhua\u00e7u.<\/p>\n<h4><strong>Morreram no acidente:<\/strong><\/h4>\n<p>Tiago de Carvalho Coutinho, 23 (motorista do caminh\u00e3o); e os estudantes universit\u00e1rios Emanuel Gomes Oliveira Sarmento, 19; Rita de C\u00e1ssia Oliveira, 18; e Gislene Medeiros da Silva, 33, gr\u00e1vida de oito meses.<\/p>\n<p>Foram socorridas com ferimentos as seguintes v\u00edtimas:<\/p>\n<p>Fabr\u00edcio Fontoura Rodrigues (motorista do \u00f4nibus)<br \/>\nMonique Monar Gomes<br \/>\nJosiana da Costa Silva<br \/>\nRachel Helena dos Santos Bermeck<br \/>\nJessica Mylena Ruela Stofel<br \/>\nAm\u00e1lia de Laia Oliveira<br \/>\nBruna da Silva Aguiar<br \/>\nJerusa Vieira da Silva<br \/>\nTha\u00eds Hott da Costa<br \/>\nDouglas da Silva<br \/>\nCelimar Barbosa da Rocha<br \/>\nJ\u00e9ssica Vilela Loures da Silva<br \/>\nVanderl\u00facia Rodrigues de Souza<br \/>\nRafael da Silva Cupertino Rocha<br \/>\nMaur\u00edcia Silva Santos<\/p>\n<p><strong>GALERIA DE FOTOS:<\/strong><br \/>\n<em>(Fotos: Carlos Henrique Cruz \/ Portal Capara\u00f3)<\/em><\/p>\n<p><img decoding=\"async\" src=\"http:\/\/aconteceunovale.com.br\/portal\/wp-content\/uploads\/2014\/05\/acidente_bus_caminhao_manhuacu_24_05_2.jpg\" alt=\"\" \/><br \/>\n<div id='gallery-1' class='gallery galleryid-30069 gallery-columns-4 gallery-size-thumbnail'><figure class='gallery-item'>\n\t\t\t<div class='gallery-icon landscape'>\n\t\t\t\t<a href='https:\/\/aconteceunovale.com.br\/portal\/wp-content\/uploads\/2014\/05\/acidente_bus_caminhao_manhuacu_24_05_12.jpg'><img loading=\"lazy\" decoding=\"async\" width=\"150\" height=\"150\" src=\"https:\/\/aconteceunovale.com.br\/portal\/wp-content\/uploads\/2014\/05\/acidente_bus_caminhao_manhuacu_24_05_12-150x150.jpg\" class=\"attachment-thumbnail size-thumbnail\" alt=\"\" \/><\/a>\n\t\t\t<\/div><\/figure><figure class='gallery-item'>\n\t\t\t<div class='gallery-icon landscape'>\n\t\t\t\t<a href='https:\/\/aconteceunovale.com.br\/portal\/wp-content\/uploads\/2014\/05\/acidente_bus_caminhao_manhuacu_24_05_11.jpg'><img loading=\"lazy\" decoding=\"async\" width=\"150\" height=\"150\" src=\"https:\/\/aconteceunovale.com.br\/portal\/wp-content\/uploads\/2014\/05\/acidente_bus_caminhao_manhuacu_24_05_11-150x150.jpg\" class=\"attachment-thumbnail size-thumbnail\" alt=\"\" \/><\/a>\n\t\t\t<\/div><\/figure><figure class='gallery-item'>\n\t\t\t<div class='gallery-icon landscape'>\n\t\t\t\t<a href='https:\/\/aconteceunovale.com.br\/portal\/wp-content\/uploads\/2014\/05\/acidente_bus_caminhao_manhuacu_24_05_10.jpg'><img loading=\"lazy\" decoding=\"async\" width=\"150\" height=\"150\" src=\"https:\/\/aconteceunovale.com.br\/portal\/wp-content\/uploads\/2014\/05\/acidente_bus_caminhao_manhuacu_24_05_10-150x150.jpg\" class=\"attachment-thumbnail size-thumbnail\" alt=\"\" \/><\/a>\n\t\t\t<\/div><\/figure><figure class='gallery-item'>\n\t\t\t<div class='gallery-icon landscape'>\n\t\t\t\t<a href='https:\/\/aconteceunovale.com.br\/portal\/wp-content\/uploads\/2014\/05\/acidente_bus_caminhao_manhuacu_24_05_9.jpg'><img loading=\"lazy\" decoding=\"async\" width=\"150\" height=\"150\" src=\"https:\/\/aconteceunovale.com.br\/portal\/wp-content\/uploads\/2014\/05\/acidente_bus_caminhao_manhuacu_24_05_9-150x150.jpg\" class=\"attachment-thumbnail size-thumbnail\" alt=\"\" \/><\/a>\n\t\t\t<\/div><\/figure><figure class='gallery-item'>\n\t\t\t<div class='gallery-icon landscape'>\n\t\t\t\t<a href='https:\/\/aconteceunovale.com.br\/portal\/wp-content\/uploads\/2014\/05\/acidente_bus_caminhao_manhuacu_24_05_8.jpg'><img loading=\"lazy\" decoding=\"async\" width=\"150\" height=\"150\" src=\"https:\/\/aconteceunovale.com.br\/portal\/wp-content\/uploads\/2014\/05\/acidente_bus_caminhao_manhuacu_24_05_8-150x150.jpg\" class=\"attachment-thumbnail size-thumbnail\" alt=\"\" \/><\/a>\n\t\t\t<\/div><\/figure><figure class='gallery-item'>\n\t\t\t<div class='gallery-icon landscape'>\n\t\t\t\t<a href='https:\/\/aconteceunovale.com.br\/portal\/wp-content\/uploads\/2014\/05\/acidente_bus_caminhao_manhuacu_24_05_7.jpg'><img loading=\"lazy\" decoding=\"async\" width=\"150\" height=\"150\" src=\"https:\/\/aconteceunovale.com.br\/portal\/wp-content\/uploads\/2014\/05\/acidente_bus_caminhao_manhuacu_24_05_7-150x150.jpg\" class=\"attachment-thumbnail size-thumbnail\" alt=\"\" \/><\/a>\n\t\t\t<\/div><\/figure><figure class='gallery-item'>\n\t\t\t<div class='gallery-icon landscape'>\n\t\t\t\t<a href='https:\/\/aconteceunovale.com.br\/portal\/wp-content\/uploads\/2014\/05\/acidente_bus_caminhao_manhuacu_24_05_6.jpg'><img loading=\"lazy\" decoding=\"async\" width=\"150\" height=\"150\" src=\"https:\/\/aconteceunovale.com.br\/portal\/wp-content\/uploads\/2014\/05\/acidente_bus_caminhao_manhuacu_24_05_6-150x150.jpg\" class=\"attachment-thumbnail size-thumbnail\" alt=\"\" \/><\/a>\n\t\t\t<\/div><\/figure><figure class='gallery-item'>\n\t\t\t<div class='gallery-icon landscape'>\n\t\t\t\t<a href='https:\/\/aconteceunovale.com.br\/portal\/wp-content\/uploads\/2014\/05\/acidente_bus_caminhao_manhuacu_24_05_5.jpg'><img loading=\"lazy\" decoding=\"async\" width=\"150\" height=\"150\" src=\"https:\/\/aconteceunovale.com.br\/portal\/wp-content\/uploads\/2014\/05\/acidente_bus_caminhao_manhuacu_24_05_5-150x150.jpg\" class=\"attachment-thumbnail size-thumbnail\" alt=\"\" \/><\/a>\n\t\t\t<\/div><\/figure><figure class='gallery-item'>\n\t\t\t<div class='gallery-icon landscape'>\n\t\t\t\t<a href='https:\/\/aconteceunovale.com.br\/portal\/wp-content\/uploads\/2014\/05\/acidente_bus_caminhao_manhuacu_24_05_4.jpg'><img loading=\"lazy\" decoding=\"async\" width=\"150\" height=\"150\" src=\"https:\/\/aconteceunovale.com.br\/portal\/wp-content\/uploads\/2014\/05\/acidente_bus_caminhao_manhuacu_24_05_4-150x150.jpg\" class=\"attachment-thumbnail size-thumbnail\" alt=\"\" \/><\/a>\n\t\t\t<\/div><\/figure><figure class='gallery-item'>\n\t\t\t<div class='gallery-icon landscape'>\n\t\t\t\t<a href='https:\/\/aconteceunovale.com.br\/portal\/wp-content\/uploads\/2014\/05\/acidente_bus_caminhao_manhuacu_24_05_3.jpg'><img loading=\"lazy\" decoding=\"async\" width=\"150\" height=\"150\" src=\"https:\/\/aconteceunovale.com.br\/portal\/wp-content\/uploads\/2014\/05\/acidente_bus_caminhao_manhuacu_24_05_3-150x150.jpg\" class=\"attachment-thumbnail size-thumbnail\" alt=\"\" \/><\/a>\n\t\t\t<\/div><\/figure><figure class='gallery-item'>\n\t\t\t<div class='gallery-icon landscape'>\n\t\t\t\t<a href='https:\/\/aconteceunovale.com.br\/portal\/wp-content\/uploads\/2014\/05\/acidente_bus_caminhao_manhuacu_24_05_2.jpg'><img loading=\"lazy\" decoding=\"async\" width=\"150\" height=\"150\" src=\"https:\/\/aconteceunovale.com.br\/portal\/wp-content\/uploads\/2014\/05\/acidente_bus_caminhao_manhuacu_24_05_2-150x150.jpg\" class=\"attachment-thumbnail size-thumbnail\" alt=\"\" \/><\/a>\n\t\t\t<\/div><\/figure><figure class='gallery-item'>\n\t\t\t<div class='gallery-icon landscape'>\n\t\t\t\t<a href='https:\/\/aconteceunovale.com.br\/portal\/wp-content\/uploads\/2014\/05\/acidente_bus_caminhao_manhuacu_24_05_1.jpg'><img loading=\"lazy\" decoding=\"async\" width=\"150\" height=\"150\" src=\"https:\/\/aconteceunovale.com.br\/portal\/wp-content\/uploads\/2014\/05\/acidente_bus_caminhao_manhuacu_24_05_1-150x150.jpg\" class=\"attachment-thumbnail size-thumbnail\" alt=\"\" \/><\/a>\n\t\t\t<\/div><\/figure>\n\t\t<\/div>\n<\/p>\n<p><em><strong>(Fonte: Portal Capara\u00f3 &#8211; Por Carlos Henrique Cruz)<\/strong><\/em><\/p>\n","protected":false},"excerpt":{"rendered":"<p>Quatro pessoas morreram e dezesseis ficaram feridas em grave acidente na noite desta sexta-feira, 23 de maio, no quil\u00f4metro 62 da MG-111, no trecho entre Manhua\u00e7u e Simon\u00e9sia. Um caminh\u00e3o ba\u00fa ao fazer uma ultrapassagem em uma curva colidiu frontalmente com um \u00f4nibus que transportava estudantes universit\u00e1rios para Ipanema e Concei\u00e7\u00e3o de Ipanema. O condutor [&hellip;]<\/p>\n","protected":false},"author":1,"featured_media":30077,"comment_status":"open","ping_status":"closed","sticky":false,"template":"","format":"standard","meta":{"amp_status":"","footnotes":""},"categories":[121],"tags":[7936,7937,7935,7938,7931,7930,7932,7929,7933,7942,7941,7940,7939,7944,209,7943,2451,7934],"class_list":["post-30069","post","type-post","status-publish","format-standard","has-post-thumbnail","hentry","category-leste","tag-acidente-com-caminhao-da-pif-paf","tag-acidente-com-caminhao-da-pif-paf-entre-manhuacu-e-simonesia","tag-acidente-com-onibus-da-fabricio-turismo","tag-acidente-com-onibus-da-fabricio-turismo-entre-manhuacu-e-simonesia","tag-acidente-com-onibus-de-manhuacu-deixa-quatro-vitimas-fatais","tag-acidente-com-onibus-de-manhuacu-mata-quatro-pessoas","tag-acidente-com-universitarios-de-manhuacu","tag-acidente-entre-onibus-de-turismo-e-caminhao-deixa-quatro-mortos-e-dezesseis-feridos-no-leste-de-minas","tag-batida-entre-onibus-e-caminhao-deixa-quatro-mortos-e-dezesseis-feridos-no-leste-de-minas","tag-emanuel-gomes-oliveira-sarmento","tag-fotos-acidente-com-onibus-entre-manhuacu-e-simonesia","tag-fotos-do-acidente-com-caminhao-da-pif-paf","tag-fotos-do-acidente-com-onibus-da-fabricio-turismo","tag-gislene-medeiros-da-silva","tag-manhuacu","tag-rita-de-cassia-oliveira","tag-simonesia","tag-tiago-de-carvalho-coutinho"],"_links":{"self":[{"href":"https:\/\/aconteceunovale.com.br\/portal\/index.php?rest_route=\/wp\/v2\/posts\/30069","targetHints":{"allow":["GET"]}}],"collection":[{"href":"https:\/\/aconteceunovale.com.br\/portal\/index.php?rest_route=\/wp\/v2\/posts"}],"about":[{"href":"https:\/\/aconteceunovale.com.br\/portal\/index.php?rest_route=\/wp\/v2\/types\/post"}],"author":[{"embeddable":true,"href":"https:\/\/aconteceunovale.com.br\/portal\/index.php?rest_route=\/wp\/v2\/users\/1"}],"replies":[{"embeddable":true,"href":"https:\/\/aconteceunovale.com.br\/portal\/index.php?rest_route=%2Fwp%2Fv2%2Fcomments&post=30069"}],"version-history":[{"count":0,"href":"https:\/\/aconteceunovale.com.br\/portal\/index.php?rest_route=\/wp\/v2\/posts\/30069\/revisions"}],"wp:featuredmedia":[{"embeddable":true,"href":"https:\/\/aconteceunovale.com.br\/portal\/index.php?rest_route=\/wp\/v2\/media\/30077"}],"wp:attachment":[{"href":"https:\/\/aconteceunovale.com.br\/portal\/index.php?rest_route=%2Fwp%2Fv2%2Fmedia&parent=30069"}],"wp:term":[{"taxonomy":"category","embeddable":true,"href":"https:\/\/aconteceunovale.com.br\/portal\/index.php?rest_route=%2Fwp%2Fv2%2Fcategories&post=30069"},{"taxonomy":"post_tag","embeddable":true,"href":"https:\/\/aconteceunovale.com.br\/portal\/index.php?rest_route=%2Fwp%2Fv2%2Ftags&post=30069"}],"curies":[{"name":"wp","href":"https:\/\/api.w.org\/{rel}","templated":true}]}}