{"id":30031,"date":"2014-05-23T20:51:48","date_gmt":"2014-05-23T23:51:48","guid":{"rendered":"http:\/\/aconteceunovale.com.br\/portal\/?p=30031"},"modified":"2014-05-23T20:51:48","modified_gmt":"2014-05-23T23:51:48","slug":"jovem-aciona-bombeiros-para-retirar-anel-preso-a-dedo-em-diamantina","status":"publish","type":"post","link":"https:\/\/aconteceunovale.com.br\/portal\/?p=30031","title":{"rendered":"Jovem aciona bombeiros para retirar anel preso a dedo em Diamantina"},"content":{"rendered":"<p>Um jovem de 19 anos precisou da ajuda do Corpo de Bombeiros para retirar um anel que ficou preso dedo anelar da m\u00e3o direita nesta sexta-feira (23) em Diamantina, regi\u00e3o Central de Minas Gerais. Segundo os militares, V\u00e1lber Andrade dos Santos esteve na sede do 3\u00b0 Pelot\u00e3o da corpora\u00e7\u00e3o j\u00e1 com sinais de m\u00e1 circula\u00e7\u00e3o sangu\u00ednea em volta do dedo.<\/p>\n<p>Ainda conforme os bombeiros, foi necess\u00e1rio a utiliza\u00e7\u00e3o de equipamentos espec\u00edficos, como corta anel, corta frio, alicate de bico e de corte, para a retirada do anel de a\u00e7o, sem ferimentos no dedo da m\u00e3o do jovem. Ele n\u00e3o teve nenhum ferimento e foi liberado.<\/p>\n","protected":false},"excerpt":{"rendered":"<p>Um jovem de 19 anos precisou da ajuda do Corpo de Bombeiros para retirar um anel que ficou preso dedo anelar da m\u00e3o direita nesta sexta-feira (23) em Diamantina, regi\u00e3o Central de Minas Gerais. Segundo os militares, V\u00e1lber Andrade dos Santos esteve na sede do 3\u00b0 Pelot\u00e3o da corpora\u00e7\u00e3o j\u00e1 com sinais de m\u00e1 circula\u00e7\u00e3o [&hellip;]<\/p>\n","protected":false},"author":1,"featured_media":30032,"comment_status":"open","ping_status":"closed","sticky":false,"template":"","format":"standard","meta":{"amp_status":"","footnotes":""},"categories":[120],"tags":[198,7916],"class_list":["post-30031","post","type-post","status-publish","format-standard","has-post-thumbnail","hentry","category-jequi","tag-diamantina","tag-jovem-aciona-bombeiros-para-retirar-anel-preso-a-dedo-em-diamantina"],"_links":{"self":[{"href":"https:\/\/aconteceunovale.com.br\/portal\/index.php?rest_route=\/wp\/v2\/posts\/30031","targetHints":{"allow":["GET"]}}],"collection":[{"href":"https:\/\/aconteceunovale.com.br\/portal\/index.php?rest_route=\/wp\/v2\/posts"}],"about":[{"href":"https:\/\/aconteceunovale.com.br\/portal\/index.php?rest_route=\/wp\/v2\/types\/post"}],"author":[{"embeddable":true,"href":"https:\/\/aconteceunovale.com.br\/portal\/index.php?rest_route=\/wp\/v2\/users\/1"}],"replies":[{"embeddable":true,"href":"https:\/\/aconteceunovale.com.br\/portal\/index.php?rest_route=%2Fwp%2Fv2%2Fcomments&post=30031"}],"version-history":[{"count":0,"href":"https:\/\/aconteceunovale.com.br\/portal\/index.php?rest_route=\/wp\/v2\/posts\/30031\/revisions"}],"wp:featuredmedia":[{"embeddable":true,"href":"https:\/\/aconteceunovale.com.br\/portal\/index.php?rest_route=\/wp\/v2\/media\/30032"}],"wp:attachment":[{"href":"https:\/\/aconteceunovale.com.br\/portal\/index.php?rest_route=%2Fwp%2Fv2%2Fmedia&parent=30031"}],"wp:term":[{"taxonomy":"category","embeddable":true,"href":"https:\/\/aconteceunovale.com.br\/portal\/index.php?rest_route=%2Fwp%2Fv2%2Fcategories&post=30031"},{"taxonomy":"post_tag","embeddable":true,"href":"https:\/\/aconteceunovale.com.br\/portal\/index.php?rest_route=%2Fwp%2Fv2%2Ftags&post=30031"}],"curies":[{"name":"wp","href":"https:\/\/api.w.org\/{rel}","templated":true}]}}