{"id":30021,"date":"2014-05-23T20:32:08","date_gmt":"2014-05-23T23:32:08","guid":{"rendered":"http:\/\/aconteceunovale.com.br\/portal\/?p=30021"},"modified":"2014-05-23T20:32:21","modified_gmt":"2014-05-23T23:32:21","slug":"homem-se-passa-por-policial-federal-e-aplica-golpes-em-montes-claros","status":"publish","type":"post","link":"https:\/\/aconteceunovale.com.br\/portal\/?p=30021","title":{"rendered":"Homem se passa por policial federal e aplica golpes em Montes Claros"},"content":{"rendered":"<p>Moradores de Montes Claros (MG) denunciam que foram v\u00edtimas de v\u00e1rios golpes praticados por Darcy de Souza Aquino, que se passava por policial federal.<\/p>\n<p>Uma das v\u00edtimas \u00e9 o vereador e policial federal Cl\u00e1udio Prates. Segundo o vereador que \u00e9 vice-presidente da C\u00e2mara de Montes Claros, ele havia feito um acordo para comprar dois carros que seriam de Darcy. Os cheques referentes ao pagamento dos ve\u00edculos tiveram os valores alterados. Posteriormente, o parlamentar tamb\u00e9m descobriu que os ve\u00edculos foram tomados indevidamente de outras pessoas.<\/p>\n<p>\u201cEle tinha v\u00e1rias identidades e CPFs e soltou dezenas de cheques sem fundos. Para facilitar os golpes, se passava por policial para tentar ludibriar as pessoas, causando tamb\u00e9m um dano \u00e0 imagem da corpora\u00e7\u00e3o.\u201d<\/p>\n<p>Ainda segundo Cl\u00e1udio Prates, Darcy Aquino teria pedido dinheiro emprestado para v\u00e1rias pessoas, alegando que a quantia seria utilizada no tratamento de um c\u00e2ncer que o vereador foi v\u00edtima em 2013.<\/p>\n<p>\u201cEu n\u00e3o sofri preju\u00edzos financeiros, tive danos morais. Ele usou do meu nome para lesar terceiros. Os valores dos preju\u00edzos que tenho conhecimento j\u00e1 ultrapassam R$ 700 mil.\u201d<\/p>\n<p>Prates acionou a Justi\u00e7a e est\u00e1 processando Darcy Aquino por v\u00e1rios crimes, entre eles estelionato, inj\u00faria, amea\u00e7a e cal\u00fania. O parlamentar afirma ainda que vai pedir indeniza\u00e7\u00e3o por danos morais e materiais.<\/p>\n<p>Darcy Aquino foi preso nesta quarta-feira (21), no momento em que foi ao f\u00f3rum para ter acesso ao processo. A Justi\u00e7a havia pedido um mandado de pris\u00e3o contra ele, porque ele estaria ame\u00e7ando testemunhas e atrapalhando a investiga\u00e7\u00e3o.<\/p>\n<p>Um aposentado que n\u00e3o quer se identificar disse que foi procurado por Darcy, em nome do vereador.<\/p>\n<p>\u201cEle me pediu para que emprestasse R$ 45 mil para o tratamento de c\u00e2ncer do Cl\u00e1udio, como n\u00e3o tinha todo o dinheiro, dei R$ 18 mil\u201d, fala a v\u00edtima, que ainda tem os cheques em nome do filho do suposto estelionat\u00e1rio, que foram apresentados e devolvidos pelo banco, por falta de fundos.<\/p>\n<p>&#8220;Procurei at\u00e9 pelo filho dele, que me disse que n\u00e3o sabia de nada. \u00c9 vergonhoso para um filho ter um pai assim.&#8221;<br \/>\nA v\u00edtima afirma tamb\u00e9m que Darcy Aquino  pediu dinheiro em nome de outros policiais federais. Ao procurar pelo suposto estelionat\u00e1rio o aposentado teve diversas promessas de pagamento.<\/p>\n<p>\u201cEle chegou a pedir o n\u00famero da minha conta para depositar a quantia, mas nunca tive o dinheiro de volta e quando comecei a cobrar, ele me amea\u00e7ou.\u201d<\/p>\n<p>Outro homem que n\u00e3o quer se identificar, diz que tamb\u00e9m ficou no preju\u00edzo depois de acreditar em Darcy Aquino. &#8220;Vendi um carro para ele, recebi R$ 5 mil e dois cheques de R$ 20 mil cada. Al\u00e9m disso, ficou combinado que ele deveria quitar as parcelas do ve\u00edculo, que era financiado e me dar mais R$ 3 mil&#8221;, fala a v\u00edtima.<\/p>\n<p>Ap\u00f3s receber o pagamento, os cheques foram usados na compra de outro carro. Mas como n\u00e3o tinham fundos, foram devoldidos. &#8220;Fui atr\u00e1s dele, mas n\u00e3o consegui reverter o neg\u00f3cio. Tentei conversar e tamb\u00e9m n\u00e3o tive sucesso, por isso acionei a Justi\u00e7a para recuperar o carro. Consegui, mas tive que pagar as presta\u00e7\u00f5es do financiamento e a documenta\u00e7\u00e3o, que estavam atrasadas e cinco multas. Al\u00e9m de arcar com despesas de manuten\u00e7\u00e3o&#8221;.<\/p>\n<p>A v\u00edtima diz tamb\u00e9m que ap\u00f3s conseguir recuperar o ve\u00edculo, foi amea\u00e7a de morte. &#8220;Ele disse que iria mostrar quem era homem de verdade e que ia ter o carro de volta de qualquer maneira, nem que para isso tivesse que me matar.&#8221;<\/p>\n<h4><strong>Defesa<\/strong><\/h4>\n<p>O advogado de Darcy Aquino, Marcos Avelino, afirma estar tranquilo com a pris\u00e3o do cliente, j\u00e1 que a pris\u00e3o n\u00e3o \u00e9 definitiva. \u201cA pris\u00e3o dele foi decretada porque o juiz achou conveniente preservar o andamento do processo. Essa pris\u00e3o n\u00e3o \u00e9 definitiva e sim preventiva e poder\u00e1 ser revogada a qualquer momento\u201d, diz.<\/p>\n<p>Ele afirma ainda que colhe provas para a elabora\u00e7\u00e3o da defesa do acusado. \u201cA defesa preliminar ser\u00e1 oficializada no prazo legal. Apresentaremos novas testemunhas para comprovar a verdade de nosso cliente. Produziremos ainda novas provas em confronto \u00e0s apresentadas pela acusa\u00e7\u00e3o\u201d, completa o advogado. <strong>(Inter TV \/ G1)<\/strong><\/p>\n","protected":false},"excerpt":{"rendered":"<p>Moradores de Montes Claros (MG) denunciam que foram v\u00edtimas de v\u00e1rios golpes praticados por Darcy de Souza Aquino, que se passava por policial federal. Uma das v\u00edtimas \u00e9 o vereador e policial federal Cl\u00e1udio Prates. Segundo o vereador que \u00e9 vice-presidente da C\u00e2mara de Montes Claros, ele havia feito um acordo para comprar dois carros [&hellip;]<\/p>\n","protected":false},"author":1,"featured_media":30022,"comment_status":"open","ping_status":"closed","sticky":false,"template":"","format":"standard","meta":{"amp_status":"","footnotes":""},"categories":[1236],"tags":[7913,7912,210],"class_list":["post-30021","post","type-post","status-publish","format-standard","has-post-thumbnail","hentry","category-norte_de_minas","tag-darcy-de-souza-aquino","tag-homem-se-passa-por-policial-federal-e-aplica-golpes-em-montes-claros","tag-montes-claros"],"_links":{"self":[{"href":"https:\/\/aconteceunovale.com.br\/portal\/index.php?rest_route=\/wp\/v2\/posts\/30021","targetHints":{"allow":["GET"]}}],"collection":[{"href":"https:\/\/aconteceunovale.com.br\/portal\/index.php?rest_route=\/wp\/v2\/posts"}],"about":[{"href":"https:\/\/aconteceunovale.com.br\/portal\/index.php?rest_route=\/wp\/v2\/types\/post"}],"author":[{"embeddable":true,"href":"https:\/\/aconteceunovale.com.br\/portal\/index.php?rest_route=\/wp\/v2\/users\/1"}],"replies":[{"embeddable":true,"href":"https:\/\/aconteceunovale.com.br\/portal\/index.php?rest_route=%2Fwp%2Fv2%2Fcomments&post=30021"}],"version-history":[{"count":0,"href":"https:\/\/aconteceunovale.com.br\/portal\/index.php?rest_route=\/wp\/v2\/posts\/30021\/revisions"}],"wp:featuredmedia":[{"embeddable":true,"href":"https:\/\/aconteceunovale.com.br\/portal\/index.php?rest_route=\/wp\/v2\/media\/30022"}],"wp:attachment":[{"href":"https:\/\/aconteceunovale.com.br\/portal\/index.php?rest_route=%2Fwp%2Fv2%2Fmedia&parent=30021"}],"wp:term":[{"taxonomy":"category","embeddable":true,"href":"https:\/\/aconteceunovale.com.br\/portal\/index.php?rest_route=%2Fwp%2Fv2%2Fcategories&post=30021"},{"taxonomy":"post_tag","embeddable":true,"href":"https:\/\/aconteceunovale.com.br\/portal\/index.php?rest_route=%2Fwp%2Fv2%2Ftags&post=30021"}],"curies":[{"name":"wp","href":"https:\/\/api.w.org\/{rel}","templated":true}]}}