{"id":30013,"date":"2014-05-23T20:17:53","date_gmt":"2014-05-23T23:17:53","guid":{"rendered":"http:\/\/aconteceunovale.com.br\/portal\/?p=30013"},"modified":"2014-05-23T20:17:53","modified_gmt":"2014-05-23T23:17:53","slug":"dois-rapazes-sao-presos-com-arma-de-grosso-calibre-em-valadares","status":"publish","type":"post","link":"https:\/\/aconteceunovale.com.br\/portal\/?p=30013","title":{"rendered":"Dois rapazes s\u00e3o presos com arma de grosso calibre em Valadares"},"content":{"rendered":"<h4><strong>Suspeitos estavam em um ve\u00edculo no Bairro Distrito Industrial. Arma teria sido adquirida pela dupla, pelo valor de R$ 3 mil.<\/strong><\/h4>\n<p>Dois rapazes de 25 e 26 anos, foram detidos na noite desta quinta-feira (22), no Distrito Industrial, em Governador Valadares, no Leste de Minas Gerais, por policiais da 8\u00aa Companhia de Miss\u00f5es Especiais. Eles estavam em um ve\u00edculo, na Avenida Industrial, quando os militares suspeitaram do carro e deram ordem de parada ao motorista.<\/p>\n<p>Dentro do carro os policiais encontraram uma espingarda calibre 12, de cor preta, com a numera\u00e7\u00e3o raspada e dez cartuchos intactos. Um dos suspeitos assumiu ser o dono da arma, mas o outro afirmou que os dois haviam comprado a arma juntos, pelo valor de R$ 3 mil, por\u00e9m, n\u00e3o informaram de quem haviam comprado.<\/p>\n<p>Ainda durante a abordagem, foi constatado pela PM que o motorista do ve\u00edculo \u00e9 habilitado somente para condu\u00e7\u00e3o de motocicleta, categoria A. Por esse motivo o ve\u00edculo foi apreendido e levado para um p\u00e1tio de ve\u00edculos de Valadares.<\/p>\n<p>O suspeito de 25 anos tem passagens pela pol\u00edcia por tr\u00e1fico de drogas e porte ilegal de arma de fogo. De acordo com os militares, os dois suspeitos s\u00e3o conhecidos por serem integrantes de um grupo de traficantes de drogas no Bairro Altin\u00f3polis. Eles foram presos e a arma de fogo e as muni\u00e7\u00f5es foram apreendidas e encaminhadas \u00e0 delegacia.<\/p>\n<p><img decoding=\"async\" src=\"http:\/\/aconteceunovale.com.br\/portal\/wp-content\/uploads\/2014\/05\/arma_grosso_calibre_gv_23_05.jpg\" alt=\"\" \/><strong>Espingarda calibre 12 foi encontrada em um carro, na noite desta quinta-feira pela Pol\u00edcia Militar. (Foto: Roberto Higino \/ Caso de Pol\u00edcia)<\/strong><\/p>\n","protected":false},"excerpt":{"rendered":"<p>Suspeitos estavam em um ve\u00edculo no Bairro Distrito Industrial. Arma teria sido adquirida pela dupla, pelo valor de R$ 3 mil. Dois rapazes de 25 e 26 anos, foram detidos na noite desta quinta-feira (22), no Distrito Industrial, em Governador Valadares, no Leste de Minas Gerais, por policiais da 8\u00aa Companhia de Miss\u00f5es Especiais. Eles [&hellip;]<\/p>\n","protected":false},"author":1,"featured_media":30014,"comment_status":"open","ping_status":"closed","sticky":false,"template":"","format":"standard","meta":{"amp_status":"","footnotes":""},"categories":[121],"tags":[7909,247],"class_list":["post-30013","post","type-post","status-publish","format-standard","has-post-thumbnail","hentry","category-leste","tag-dois-rapazes-sao-presos-com-arma-de-grosso-calibre-em-valadares","tag-governador-valadares"],"_links":{"self":[{"href":"https:\/\/aconteceunovale.com.br\/portal\/index.php?rest_route=\/wp\/v2\/posts\/30013","targetHints":{"allow":["GET"]}}],"collection":[{"href":"https:\/\/aconteceunovale.com.br\/portal\/index.php?rest_route=\/wp\/v2\/posts"}],"about":[{"href":"https:\/\/aconteceunovale.com.br\/portal\/index.php?rest_route=\/wp\/v2\/types\/post"}],"author":[{"embeddable":true,"href":"https:\/\/aconteceunovale.com.br\/portal\/index.php?rest_route=\/wp\/v2\/users\/1"}],"replies":[{"embeddable":true,"href":"https:\/\/aconteceunovale.com.br\/portal\/index.php?rest_route=%2Fwp%2Fv2%2Fcomments&post=30013"}],"version-history":[{"count":0,"href":"https:\/\/aconteceunovale.com.br\/portal\/index.php?rest_route=\/wp\/v2\/posts\/30013\/revisions"}],"wp:featuredmedia":[{"embeddable":true,"href":"https:\/\/aconteceunovale.com.br\/portal\/index.php?rest_route=\/wp\/v2\/media\/30014"}],"wp:attachment":[{"href":"https:\/\/aconteceunovale.com.br\/portal\/index.php?rest_route=%2Fwp%2Fv2%2Fmedia&parent=30013"}],"wp:term":[{"taxonomy":"category","embeddable":true,"href":"https:\/\/aconteceunovale.com.br\/portal\/index.php?rest_route=%2Fwp%2Fv2%2Fcategories&post=30013"},{"taxonomy":"post_tag","embeddable":true,"href":"https:\/\/aconteceunovale.com.br\/portal\/index.php?rest_route=%2Fwp%2Fv2%2Ftags&post=30013"}],"curies":[{"name":"wp","href":"https:\/\/api.w.org\/{rel}","templated":true}]}}