{"id":30011,"date":"2014-05-23T20:13:53","date_gmt":"2014-05-23T23:13:53","guid":{"rendered":"http:\/\/aconteceunovale.com.br\/portal\/?p=30011"},"modified":"2014-05-23T20:14:08","modified_gmt":"2014-05-23T23:14:08","slug":"acidente-envolvendo-caminhao-e-motocicleta-deixa-uma-pessoa-morta","status":"publish","type":"post","link":"https:\/\/aconteceunovale.com.br\/portal\/?p=30011","title":{"rendered":"Acidente envolvendo caminh\u00e3o e motocicleta deixa uma pessoa morta"},"content":{"rendered":"<p>Um acidente na noite desta quinta-feira (22), na Rodovia LMG-774, pr\u00f3ximo a Goiabeira, distrito de Governador Valadares, deixou uma pessoa morta e outra ferida.<\/p>\n<p>De acordo com a Pol\u00edcia Militar Rodovi\u00e1ria (PMR), um caminh\u00e3o seguia sentido C\u00f3rrego dos Palmeiras, pelo acostamento, na contram\u00e3o, quando uma moto bateu na lateral do ve\u00edculo.<\/p>\n<p>O motociclista, um homem de 63 anos morreu no local. O passageiro da moto teve apenas ferimentos leves. J\u00e1 o motorista do caminh\u00e3o n\u00e3o ficou ferido. Ainda n\u00e3o foi poss\u00edvel confirmar se ele foi preso. <strong>(Inter TV \/ G1)<\/strong><\/p>\n","protected":false},"excerpt":{"rendered":"<p>Um acidente na noite desta quinta-feira (22), na Rodovia LMG-774, pr\u00f3ximo a Goiabeira, distrito de Governador Valadares, deixou uma pessoa morta e outra ferida. De acordo com a Pol\u00edcia Militar Rodovi\u00e1ria (PMR), um caminh\u00e3o seguia sentido C\u00f3rrego dos Palmeiras, pelo acostamento, na contram\u00e3o, quando uma moto bateu na lateral do ve\u00edculo. O motociclista, um homem [&hellip;]<\/p>\n","protected":false},"author":1,"featured_media":13667,"comment_status":"open","ping_status":"closed","sticky":false,"template":"","format":"standard","meta":{"amp_status":"","footnotes":""},"categories":[121],"tags":[7908,247],"class_list":["post-30011","post","type-post","status-publish","format-standard","has-post-thumbnail","hentry","category-leste","tag-acidente-envolvendo-caminhao-e-motocicleta-deixa-uma-pessoa-morta","tag-governador-valadares"],"_links":{"self":[{"href":"https:\/\/aconteceunovale.com.br\/portal\/index.php?rest_route=\/wp\/v2\/posts\/30011","targetHints":{"allow":["GET"]}}],"collection":[{"href":"https:\/\/aconteceunovale.com.br\/portal\/index.php?rest_route=\/wp\/v2\/posts"}],"about":[{"href":"https:\/\/aconteceunovale.com.br\/portal\/index.php?rest_route=\/wp\/v2\/types\/post"}],"author":[{"embeddable":true,"href":"https:\/\/aconteceunovale.com.br\/portal\/index.php?rest_route=\/wp\/v2\/users\/1"}],"replies":[{"embeddable":true,"href":"https:\/\/aconteceunovale.com.br\/portal\/index.php?rest_route=%2Fwp%2Fv2%2Fcomments&post=30011"}],"version-history":[{"count":0,"href":"https:\/\/aconteceunovale.com.br\/portal\/index.php?rest_route=\/wp\/v2\/posts\/30011\/revisions"}],"wp:featuredmedia":[{"embeddable":true,"href":"https:\/\/aconteceunovale.com.br\/portal\/index.php?rest_route=\/wp\/v2\/media\/13667"}],"wp:attachment":[{"href":"https:\/\/aconteceunovale.com.br\/portal\/index.php?rest_route=%2Fwp%2Fv2%2Fmedia&parent=30011"}],"wp:term":[{"taxonomy":"category","embeddable":true,"href":"https:\/\/aconteceunovale.com.br\/portal\/index.php?rest_route=%2Fwp%2Fv2%2Fcategories&post=30011"},{"taxonomy":"post_tag","embeddable":true,"href":"https:\/\/aconteceunovale.com.br\/portal\/index.php?rest_route=%2Fwp%2Fv2%2Ftags&post=30011"}],"curies":[{"name":"wp","href":"https:\/\/api.w.org\/{rel}","templated":true}]}}