{"id":30008,"date":"2014-05-23T20:08:08","date_gmt":"2014-05-23T23:08:08","guid":{"rendered":"http:\/\/aconteceunovale.com.br\/portal\/?p=30008"},"modified":"2014-05-23T20:08:08","modified_gmt":"2014-05-23T23:08:08","slug":"rapaz-e-preso-em-frente-ao-presidio-de-governador-valadares","status":"publish","type":"post","link":"https:\/\/aconteceunovale.com.br\/portal\/?p=30008","title":{"rendered":"Rapaz \u00e9 preso em frente ao pres\u00eddio de Governador Valadares"},"content":{"rendered":"<h4><strong>Segundo a PM, ele aguardava a sa\u00edda de um detento para mat\u00e1-lo. Ele foi preso, mas pagou fian\u00e7a e foi liberado na tarde desta sexta.<\/strong><\/h4>\n<p>Um rapaz de 22 anos foi preso no Bairro Santos Dumont, em frente ao pres\u00eddio de Governador Valadares, no Leste de Minas Gerais, na manh\u00e3 desta sexta-feira (23). Com ele foram encontrados uma pistola calibre 380, muni\u00e7\u00e3o e dois carregadores.<\/p>\n<p>De acordo com a Pol\u00edcia Militar (PM), o suspeito, que j\u00e1 tem antecedentes criminais, pretendia matar um detento que deixaria o pres\u00eddio nesta sexta-feira. O rapaz foi preso em flagrante por porte ilegal de arma de fogo, e levado para a delegacia de Valadares. Durante a tarde ele pagou fian\u00e7a e foi liberado. N\u00e3o h\u00e1 informa\u00e7\u00e3o se o preso que tinha sa\u00edda prevista para esta sexta deixou o pres\u00eddio. <strong>(Inter TV \/ G1)<\/strong><\/p>\n","protected":false},"excerpt":{"rendered":"<p>Segundo a PM, ele aguardava a sa\u00edda de um detento para mat\u00e1-lo. Ele foi preso, mas pagou fian\u00e7a e foi liberado na tarde desta sexta. Um rapaz de 22 anos foi preso no Bairro Santos Dumont, em frente ao pres\u00eddio de Governador Valadares, no Leste de Minas Gerais, na manh\u00e3 desta sexta-feira (23). Com ele [&hellip;]<\/p>\n","protected":false},"author":1,"featured_media":30009,"comment_status":"open","ping_status":"closed","sticky":false,"template":"","format":"standard","meta":{"amp_status":"","footnotes":""},"categories":[121],"tags":[247,7907],"class_list":["post-30008","post","type-post","status-publish","format-standard","has-post-thumbnail","hentry","category-leste","tag-governador-valadares","tag-rapaz-e-preso-em-frente-ao-presidio-de-governador-valadares"],"_links":{"self":[{"href":"https:\/\/aconteceunovale.com.br\/portal\/index.php?rest_route=\/wp\/v2\/posts\/30008","targetHints":{"allow":["GET"]}}],"collection":[{"href":"https:\/\/aconteceunovale.com.br\/portal\/index.php?rest_route=\/wp\/v2\/posts"}],"about":[{"href":"https:\/\/aconteceunovale.com.br\/portal\/index.php?rest_route=\/wp\/v2\/types\/post"}],"author":[{"embeddable":true,"href":"https:\/\/aconteceunovale.com.br\/portal\/index.php?rest_route=\/wp\/v2\/users\/1"}],"replies":[{"embeddable":true,"href":"https:\/\/aconteceunovale.com.br\/portal\/index.php?rest_route=%2Fwp%2Fv2%2Fcomments&post=30008"}],"version-history":[{"count":0,"href":"https:\/\/aconteceunovale.com.br\/portal\/index.php?rest_route=\/wp\/v2\/posts\/30008\/revisions"}],"wp:featuredmedia":[{"embeddable":true,"href":"https:\/\/aconteceunovale.com.br\/portal\/index.php?rest_route=\/wp\/v2\/media\/30009"}],"wp:attachment":[{"href":"https:\/\/aconteceunovale.com.br\/portal\/index.php?rest_route=%2Fwp%2Fv2%2Fmedia&parent=30008"}],"wp:term":[{"taxonomy":"category","embeddable":true,"href":"https:\/\/aconteceunovale.com.br\/portal\/index.php?rest_route=%2Fwp%2Fv2%2Fcategories&post=30008"},{"taxonomy":"post_tag","embeddable":true,"href":"https:\/\/aconteceunovale.com.br\/portal\/index.php?rest_route=%2Fwp%2Fv2%2Ftags&post=30008"}],"curies":[{"name":"wp","href":"https:\/\/api.w.org\/{rel}","templated":true}]}}