{"id":30005,"date":"2014-05-23T20:03:10","date_gmt":"2014-05-23T23:03:10","guid":{"rendered":"http:\/\/aconteceunovale.com.br\/portal\/?p=30005"},"modified":"2014-05-23T20:03:10","modified_gmt":"2014-05-23T23:03:10","slug":"governador-valadares-recebe-premio-odm-brasil-pela-escola-em-tempo-integral","status":"publish","type":"post","link":"https:\/\/aconteceunovale.com.br\/portal\/?p=30005","title":{"rendered":"Governador Valadares recebe pr\u00eamio ODM Brasil pela Escola em Tempo Integral"},"content":{"rendered":"<h4><strong>Prefeita Elisa Costa recebeu o pr\u00eamio das m\u00e3os da presidente Dilma. Pr\u00eamio \u00e9 um incentivo aos Objetivos de Desenvolvimento do Mil\u00eanio.<\/strong><\/h4>\n<p><img decoding=\"async\" src=\"http:\/\/aconteceunovale.com.br\/portal\/wp-content\/uploads\/2014\/05\/premio_odm_brasil_gv_2014.jpg\" alt=\"\" \/><strong><em>(Foto: Reprodu\u00e7\u00e3o Prefeitura de Governador Valadares)<\/em><\/strong><br \/>\n<\/br><\/p>\n<p>A prefeita Elisa Costa recebeu hoje (23) de manh\u00e3, das m\u00e3os da presidenta Dilma Roussef, em Bras\u00edlia, o Pr\u00eamio ODM Brasil \u2013 Objetivos de Desenvolvimento do Mil\u00eanio, pela pr\u00e1tica da Escola em Tempo Integral. Governador Valadares ficou entre as seis prefeituras ganhadoras de todo o pa\u00eds, de um total de 1.090 projetos inscritos \u2013 sendo 804 de organiza\u00e7\u00f5es e 286 de prefeituras. A pr\u00e1tica tamb\u00e9m j\u00e1 havia sido premiada este ano pelo governo estadual na primeira edi\u00e7\u00e3o do ODM Minas.<\/p>\n<p>A premia\u00e7\u00e3o coroa o investimento do munic\u00edpio em educa\u00e7\u00e3o, com a implanta\u00e7\u00e3o da Escola de Tempo Integral em todas as escolas, em 2010. \u201cValadares tem muitos motivos para se alegrar e para acreditar que estamos no caminho certo: o de oferecer mais oportunidades para todos, principalmente para aqueles que mais precisam. O pr\u00eamio \u00e9 consequ\u00eancia do esfor\u00e7o de toda a nossa equipe da educa\u00e7\u00e3o, que abra\u00e7ou esse desafio desde 2010. Os bons frutos que j\u00e1 estamos colhendo com a universaliza\u00e7\u00e3o da Escola em Tempo Integral come\u00e7am a ser visualizados.\u201d, comemorou a prefeita Elisa.<\/p>\n<p>A prefeita n\u00e3o comemorou sozinha. Uma comitiva composta por diretores e servidores da Secretaria Municipal de Educa\u00e7\u00e3o (SMED) formaram uma caravana para participar da entrega do Pr\u00eamio, que aconteceu durante o evento Arena Social da Participa\u00e7\u00e3o Social que conta com pain\u00e9is, oficinas e debates sobre os Objetivos de Desenvolvimento do Mil\u00eanio, al\u00e9m do lan\u00e7amento do site oficial dos ODM e a Constru\u00e7\u00e3o da Agenda P\u00f3s-2015.<\/p>\n<p>Estabelecidos pela Organiza\u00e7\u00e3o das Na\u00e7\u00f5es Unidas (ONU) em 2000 com o apoio de 191 na\u00e7\u00f5es, os Objetivos de Desenvolvimento do Mil\u00eanio contemplam direitos b\u00e1sicos de cidadania. S\u00e3o eles:<\/p>\n<p>&#8211; Acabar com a fome e com a mis\u00e9ria;<br \/>\n&#8211; Educa\u00e7\u00e3o b\u00e1sica de qualidade para todos;<br \/>\n&#8211; Igualdade entre os sexos e valoriza\u00e7\u00e3o da mulher;<br \/>\n&#8211; Reduzir a mortalidade infantil;<br \/>\n&#8211; Melhorar a sa\u00fade das gestantes;<br \/>\n&#8211; Combater a AIDS, a mal\u00e1ria e outras doen\u00e7as;<br \/>\n&#8211; Qualidade de vida e respeito ao meio ambiente;<br \/>\n&#8211; Todo mundo trabalhando para o desenvolvimento.<\/p>\n<p>Os crit\u00e9rios utilizados para a escolha dos inscritos s\u00e3o: contribui\u00e7\u00e3o para o alcance dos ODM; impacto no p\u00fablico atendido; participa\u00e7\u00e3o da comunidade; exist\u00eancia de parcerias; potencial de replicabilidade; complementaridade e\/ou articula\u00e7\u00e3o e integra\u00e7\u00e3o com outras pol\u00edticas p\u00fablicas.<\/p>\n<p><em><strong>(Fonte: Prefeitura Municipal de Governador Valadares)<\/strong><\/em><\/p>\n","protected":false},"excerpt":{"rendered":"<p>Prefeita Elisa Costa recebeu o pr\u00eamio das m\u00e3os da presidente Dilma. Pr\u00eamio \u00e9 um incentivo aos Objetivos de Desenvolvimento do Mil\u00eanio. (Foto: Reprodu\u00e7\u00e3o Prefeitura de Governador Valadares) A prefeita Elisa Costa recebeu hoje (23) de manh\u00e3, das m\u00e3os da presidenta Dilma Roussef, em Bras\u00edlia, o Pr\u00eamio ODM Brasil \u2013 Objetivos de Desenvolvimento do Mil\u00eanio, pela [&hellip;]<\/p>\n","protected":false},"author":1,"featured_media":30006,"comment_status":"open","ping_status":"closed","sticky":false,"template":"","format":"standard","meta":{"amp_status":"","footnotes":""},"categories":[121],"tags":[1018,247,7904,7905,7906],"class_list":["post-30005","post","type-post","status-publish","format-standard","has-post-thumbnail","hentry","category-leste","tag-destaque","tag-governador-valadares","tag-governador-valadares-recebe-premio-odm-brasil-pela-escola-em-tempo-integral","tag-premio-odm-brasil","tag-premio-odm-brasil-2014"],"_links":{"self":[{"href":"https:\/\/aconteceunovale.com.br\/portal\/index.php?rest_route=\/wp\/v2\/posts\/30005","targetHints":{"allow":["GET"]}}],"collection":[{"href":"https:\/\/aconteceunovale.com.br\/portal\/index.php?rest_route=\/wp\/v2\/posts"}],"about":[{"href":"https:\/\/aconteceunovale.com.br\/portal\/index.php?rest_route=\/wp\/v2\/types\/post"}],"author":[{"embeddable":true,"href":"https:\/\/aconteceunovale.com.br\/portal\/index.php?rest_route=\/wp\/v2\/users\/1"}],"replies":[{"embeddable":true,"href":"https:\/\/aconteceunovale.com.br\/portal\/index.php?rest_route=%2Fwp%2Fv2%2Fcomments&post=30005"}],"version-history":[{"count":0,"href":"https:\/\/aconteceunovale.com.br\/portal\/index.php?rest_route=\/wp\/v2\/posts\/30005\/revisions"}],"wp:featuredmedia":[{"embeddable":true,"href":"https:\/\/aconteceunovale.com.br\/portal\/index.php?rest_route=\/wp\/v2\/media\/30006"}],"wp:attachment":[{"href":"https:\/\/aconteceunovale.com.br\/portal\/index.php?rest_route=%2Fwp%2Fv2%2Fmedia&parent=30005"}],"wp:term":[{"taxonomy":"category","embeddable":true,"href":"https:\/\/aconteceunovale.com.br\/portal\/index.php?rest_route=%2Fwp%2Fv2%2Fcategories&post=30005"},{"taxonomy":"post_tag","embeddable":true,"href":"https:\/\/aconteceunovale.com.br\/portal\/index.php?rest_route=%2Fwp%2Fv2%2Ftags&post=30005"}],"curies":[{"name":"wp","href":"https:\/\/api.w.org\/{rel}","templated":true}]}}