{"id":30002,"date":"2014-05-23T19:45:52","date_gmt":"2014-05-23T22:45:52","guid":{"rendered":"http:\/\/aconteceunovale.com.br\/portal\/?p=30002"},"modified":"2014-05-23T19:45:52","modified_gmt":"2014-05-23T22:45:52","slug":"emater-ajuda-a-implantar-feira-livre-da-agricultura-familiar-no-municipio-de-jaiba","status":"publish","type":"post","link":"https:\/\/aconteceunovale.com.br\/portal\/?p=30002","title":{"rendered":"Emater ajuda a implantar Feira Livre da Agricultura Familiar no munic\u00edpio de Ja\u00edba"},"content":{"rendered":"<h4><strong>A feira foi criada com o objetivo de oferecer aos agricultores familiares a oportunidade de comercializar seus produtos, aumentando assim a renda familiar<\/strong><\/h4>\n<p>Estimular a comercializa\u00e7\u00e3o de produtos agropecu\u00e1rios. Esse \u00e9 o objetivo da implanta\u00e7\u00e3o da Feira Livre da Agricultura Familiar no munic\u00edpio Ja\u00edba, Norte de Minas. A iniciativa \u00e9 da Empresa de Assist\u00eancia T\u00e9cnica e Extens\u00e3o Rural do Estado de Minas Gerais (Emater-MG) em parceria com a prefeitura, Companhia de Desenvolvimento dos Vales do S\u00e3o Francisco e do Parna\u00edba (Codevasf) e Associa\u00e7\u00e3o Cultural e Ambiental Projeto Ja\u00edba (ACAPJA).<\/p>\n<p>O espa\u00e7o foi inaugurado na segunda quinzena de maio. Para a implanta\u00e7\u00e3o da feira, dez produtores receberam um kit de feira livre do programa Minas Sem Fome, contendo dez barracas, duas balan\u00e7as e 20 jalecos. \u201cA feira foi criada com o objetivo de oportunizar aos agricultores familiares a comercializa\u00e7\u00e3o dos seus produtos, aumentando assim a renda familiar\u201d, afirma a extensionista Maria Helena Gomes. A t\u00e9cnica ressalta tamb\u00e9m que a feira ir\u00e1 oferecer \u00e0 popula\u00e7\u00e3o produtos mais frescos e com melhores pre\u00e7os.<\/p>\n<p>A Feira da Agricultura Familiar do Ja\u00edba funciona toda quinta-feira, a partir das 16h, no distrito de Mocambinho, pr\u00f3ximo ao escrit\u00f3rio da Emater-MG. O local foi cedido pela Codevasf. A prefeitura ficou respons\u00e1vel pelas instala\u00e7\u00f5es el\u00e9tricas para o funcionamento da feira. No espa\u00e7o, os consumidores podem encontrar diversos produtos, como frutas (atemoia, lim\u00e3o, pinha, laranja, mexerica ponkan, uva, banana), verduras (ab\u00f3bora, quiabo, couve, jil\u00f3, berinjela, r\u00facula, tomate, alface), doces, queijos, bolos, biscoitos e carnes.<\/p>\n<p>No total foram beneficiados 20 produtores com o kit entregue pelo Minas Sem Fome. \u201cA feira \u00e9 importante para a divulga\u00e7\u00e3o dos produtos cultivados no Projeto Ja\u00edba, contatos para neg\u00f3cios futuros, compra direta na m\u00e3o dos agricultores, propiciando uma alimenta\u00e7\u00e3o mais saud\u00e1vel e de melhor qualidade para os consumidores\u201d, diz Maria Helena Gomes.<\/p>\n<h4><strong>Minas Sem Fome<\/strong><\/h4>\n<p>O Minas Sem Fome \u00e9 uma iniciativa do Governo de Minas, executado pela Secretaria de Estado de Agricultura, Pecu\u00e1ria e Abastecimento de Minas Gerais, por meio da Emater\u2013MG, com apoio das prefeituras. O objetivo \u00e9 implementar a\u00e7\u00f5es que contribuam para a inclus\u00e3o da popula\u00e7\u00e3o de baixa renda no processo produtivo, especialmente agricultores familiares. O programa incentiva a produ\u00e7\u00e3o de alimentos, agrega\u00e7\u00e3o de valor e gera\u00e7\u00e3o de renda, visando \u00e0 melhoria de suas condi\u00e7\u00f5es de seguran\u00e7a alimentar e nutricional<\/p>\n<h4><strong>Projeto Ja\u00edba<\/strong><\/h4>\n<p>O Per\u00edmetro de Irriga\u00e7\u00e3o do Projeto Ja\u00edba est\u00e1 localizado entre o rio S\u00e3o Francisco, onde ocorreu o desvio para abastecer os canais, e o rio Verde Grande. A regi\u00e3o se destaca como importante polo produtor de fruticultura, principalmente de banana, lim\u00e3o e manga. A \u00e1rea do projeto tem aproximadamente 1.830 pequenos produtores, que contam com a assist\u00eancia t\u00e9cnica da Emater, 90 m\u00e9dios produtores e 55 empres\u00e1rios. A produ\u00e7\u00e3o de todas as culturas desenvolvidas na \u00e1rea do projeto (frutas, cana-de-a\u00e7\u00facar e olericultura) \u00e9 de cerca de 1,35 milh\u00e3o de toneladas, com a gera\u00e7\u00e3o de 18,5 mil empregos. A atual \u00e1rea irrigada do projeto, incluindo as etapas I e II, \u00e9 de aproximadamente 20 mil hectares.<\/p>\n","protected":false},"excerpt":{"rendered":"<p>A feira foi criada com o objetivo de oferecer aos agricultores familiares a oportunidade de comercializar seus produtos, aumentando assim a renda familiar Estimular a comercializa\u00e7\u00e3o de produtos agropecu\u00e1rios. Esse \u00e9 o objetivo da implanta\u00e7\u00e3o da Feira Livre da Agricultura Familiar no munic\u00edpio Ja\u00edba, Norte de Minas. A iniciativa \u00e9 da Empresa de Assist\u00eancia T\u00e9cnica [&hellip;]<\/p>\n","protected":false},"author":1,"featured_media":30003,"comment_status":"open","ping_status":"closed","sticky":false,"template":"","format":"standard","meta":{"amp_status":"","footnotes":""},"categories":[1236],"tags":[7902,7903,1058,3106],"class_list":["post-30002","post","type-post","status-publish","format-standard","has-post-thumbnail","hentry","category-norte_de_minas","tag-emater-ajuda-a-implantar-feira-livre-da-agricultura-familiar-no-municipio-de-jaiba","tag-feira-livre-da-agricultura-familiar-no-municipio-de-jaiba","tag-jaiba","tag-projeto-jaiba"],"_links":{"self":[{"href":"https:\/\/aconteceunovale.com.br\/portal\/index.php?rest_route=\/wp\/v2\/posts\/30002","targetHints":{"allow":["GET"]}}],"collection":[{"href":"https:\/\/aconteceunovale.com.br\/portal\/index.php?rest_route=\/wp\/v2\/posts"}],"about":[{"href":"https:\/\/aconteceunovale.com.br\/portal\/index.php?rest_route=\/wp\/v2\/types\/post"}],"author":[{"embeddable":true,"href":"https:\/\/aconteceunovale.com.br\/portal\/index.php?rest_route=\/wp\/v2\/users\/1"}],"replies":[{"embeddable":true,"href":"https:\/\/aconteceunovale.com.br\/portal\/index.php?rest_route=%2Fwp%2Fv2%2Fcomments&post=30002"}],"version-history":[{"count":0,"href":"https:\/\/aconteceunovale.com.br\/portal\/index.php?rest_route=\/wp\/v2\/posts\/30002\/revisions"}],"wp:featuredmedia":[{"embeddable":true,"href":"https:\/\/aconteceunovale.com.br\/portal\/index.php?rest_route=\/wp\/v2\/media\/30003"}],"wp:attachment":[{"href":"https:\/\/aconteceunovale.com.br\/portal\/index.php?rest_route=%2Fwp%2Fv2%2Fmedia&parent=30002"}],"wp:term":[{"taxonomy":"category","embeddable":true,"href":"https:\/\/aconteceunovale.com.br\/portal\/index.php?rest_route=%2Fwp%2Fv2%2Fcategories&post=30002"},{"taxonomy":"post_tag","embeddable":true,"href":"https:\/\/aconteceunovale.com.br\/portal\/index.php?rest_route=%2Fwp%2Fv2%2Ftags&post=30002"}],"curies":[{"name":"wp","href":"https:\/\/api.w.org\/{rel}","templated":true}]}}