{"id":29986,"date":"2014-05-23T15:32:53","date_gmt":"2014-05-23T18:32:53","guid":{"rendered":"http:\/\/aconteceunovale.com.br\/portal\/?p=29986"},"modified":"2014-05-23T15:39:09","modified_gmt":"2014-05-23T18:39:09","slug":"termina-hoje-as-inscricoes-para-o-curso-de-especializacao-lato-sensu-em-meio-ambiente-no-ifmgsje","status":"publish","type":"post","link":"https:\/\/aconteceunovale.com.br\/portal\/?p=29986","title":{"rendered":"Termina hoje as inscri\u00e7\u00f5es para o curso de Especializa\u00e7\u00e3o Lato Sensu em Meio Ambiente no IFMG\/SJE"},"content":{"rendered":"<p>Termina nesta sexta-feira (23), as inscri\u00e7\u00f5es para o processo seletivo do curso de P\u00f3s-Gradua\u00e7\u00e3o Lato Sensu em Meio Ambiente, conforme Edital n\u00ba 012\/2014. A dura\u00e7\u00e3o do curso \u00e9 de 18 meses.<\/p>\n<p>As inscri\u00e7\u00f5es dever\u00e3o ser feitas pessoalmente, por procura\u00e7\u00e3o ou via Correios, no endere\u00e7o do IFMG\/SJE: Av. Primeiro de Junho, 1043, Centro, S\u00e3o Jo\u00e3o Evangelista &#8211; MG, Pr\u00e9dio II, no Setor de Registro Acad\u00eamico da Gradua\u00e7\u00e3o e P\u00f3s-gradua\u00e7\u00e3o.<\/p>\n<p>A realiza\u00e7\u00e3o do curso decorre da necessidade de capacitar profissionais de diversas \u00e1reas de forma\u00e7\u00e3o para atuar nas \u00e1reas ambientais, desenvolvendo nestas, uma abordagem interdisciplinar e hol\u00edstica da quest\u00e3o ambiental.<\/p>\n<p>Poder\u00e3o participar do processo seletivo candidatos graduados em qualquer \u00e1rea do conhecimento, compat\u00edveis com a \u00e1rea ambiental.<\/p>\n<p><strong>N\u00ba de vagas:<\/strong> 35<br \/>\n<strong>Data das provas:<\/strong> 08 de junho de 2014.<br \/>\n<a href=\"http:\/\/www.sje.ifmg.edu.br\/images\/stories\/2014\/Editais\/EDITAL%20012-2014%20P%C3%B3s-Gradua%C3%A7%C3%A3o%202014%20Meio%20Ambiente.pdf\" target=\"_blank\">Edital N\u00ba 012\/2014<\/a><br \/>\n<a href=\"http:\/\/www.sje.ifmg.edu.br\/images\/stories\/2014\/Formul%C3%A1rios\/Formulario%20de%20inscricao%20-%20pos%20graduacao.docx\" target=\"_blank\">Formul\u00e1rio de inscri\u00e7\u00e3o<\/a><\/p>\n","protected":false},"excerpt":{"rendered":"<p>Termina nesta sexta-feira (23), as inscri\u00e7\u00f5es para o processo seletivo do curso de P\u00f3s-Gradua\u00e7\u00e3o Lato Sensu em Meio Ambiente, conforme Edital n\u00ba 012\/2014. A dura\u00e7\u00e3o do curso \u00e9 de 18 meses. As inscri\u00e7\u00f5es dever\u00e3o ser feitas pessoalmente, por procura\u00e7\u00e3o ou via Correios, no endere\u00e7o do IFMG\/SJE: Av. Primeiro de Junho, 1043, Centro, S\u00e3o Jo\u00e3o Evangelista [&hellip;]<\/p>\n","protected":false},"author":1,"featured_media":29987,"comment_status":"open","ping_status":"closed","sticky":false,"template":"","format":"standard","meta":{"amp_status":"","footnotes":""},"categories":[121],"tags":[161,160,162,7895],"class_list":["post-29986","post","type-post","status-publish","format-standard","has-post-thumbnail","hentry","category-leste","tag-campus-sao-joao-evangelista","tag-ifmg","tag-sao-joao-evangelista","tag-termina-hoje-as-inscricoes-para-o-curso-de-especializacao-lato-sensu-em-meio-ambiente-no-ifmgsje"],"_links":{"self":[{"href":"https:\/\/aconteceunovale.com.br\/portal\/index.php?rest_route=\/wp\/v2\/posts\/29986","targetHints":{"allow":["GET"]}}],"collection":[{"href":"https:\/\/aconteceunovale.com.br\/portal\/index.php?rest_route=\/wp\/v2\/posts"}],"about":[{"href":"https:\/\/aconteceunovale.com.br\/portal\/index.php?rest_route=\/wp\/v2\/types\/post"}],"author":[{"embeddable":true,"href":"https:\/\/aconteceunovale.com.br\/portal\/index.php?rest_route=\/wp\/v2\/users\/1"}],"replies":[{"embeddable":true,"href":"https:\/\/aconteceunovale.com.br\/portal\/index.php?rest_route=%2Fwp%2Fv2%2Fcomments&post=29986"}],"version-history":[{"count":0,"href":"https:\/\/aconteceunovale.com.br\/portal\/index.php?rest_route=\/wp\/v2\/posts\/29986\/revisions"}],"wp:featuredmedia":[{"embeddable":true,"href":"https:\/\/aconteceunovale.com.br\/portal\/index.php?rest_route=\/wp\/v2\/media\/29987"}],"wp:attachment":[{"href":"https:\/\/aconteceunovale.com.br\/portal\/index.php?rest_route=%2Fwp%2Fv2%2Fmedia&parent=29986"}],"wp:term":[{"taxonomy":"category","embeddable":true,"href":"https:\/\/aconteceunovale.com.br\/portal\/index.php?rest_route=%2Fwp%2Fv2%2Fcategories&post=29986"},{"taxonomy":"post_tag","embeddable":true,"href":"https:\/\/aconteceunovale.com.br\/portal\/index.php?rest_route=%2Fwp%2Fv2%2Ftags&post=29986"}],"curies":[{"name":"wp","href":"https:\/\/api.w.org\/{rel}","templated":true}]}}