{"id":29979,"date":"2014-05-23T15:07:25","date_gmt":"2014-05-23T18:07:25","guid":{"rendered":"http:\/\/aconteceunovale.com.br\/portal\/?p=29979"},"modified":"2014-05-23T15:07:25","modified_gmt":"2014-05-23T18:07:25","slug":"40a-edicao-da-expomontes-tera-show-com-o-pagodeiro-alexandre-pires","status":"publish","type":"post","link":"https:\/\/aconteceunovale.com.br\/portal\/?p=29979","title":{"rendered":"40\u00aa edi\u00e7\u00e3o da Expomontes ter\u00e1 show com o pagodeiro Alexandre Pires"},"content":{"rendered":"<h4><strong>Evento ser\u00e1 realizado entre os dias 2 a 13 de julho em Montes Claros (MG). Cantor substituir\u00e1 apresenta\u00e7\u00e3o da banda nordestina Avi\u00f5es do Forr\u00f3.<\/strong><\/h4>\n<p>A comiss\u00e3o organizadora da 40\u00aa Expomontes confirmou, nesta sexta-feira (23) a vinda do cantor mineiro Alexandre Pires, no lugar da atra\u00e7\u00e3o Avi\u00f5es do Forr\u00f3. O pagodeiro se apresentar\u00e1 no dia 5 de julho, no Parque de Exposi\u00e7\u00f5es Geraldo Athayde, em Montes Claros. Devido ao planejamento de hor\u00e1rio de chegada, a banda de forr\u00f3 n\u00e3o poder\u00e1 se apresentar no evento agropecu\u00e1rio.<\/p>\n<p>Em acordo com o Conselho Municipal de Defesa e Conserva\u00e7\u00e3o do Meio Ambiente (Codema), todos os shows da Expomontes terminar\u00e3o a 00h59. Segundo um dos organizadores do evento, Tiago Rezende Silveira, a expectativa \u00e9 vender mais de 10 mil ingressos para cada dia desta edi\u00e7\u00e3o.<\/p>\n<p>&#8220;Com a Expomontes, estamos mostrando que Montes Claros tem potencial para receber grandes festas e grandes nomes da m\u00fasica&#8221;, diz Tiago.<\/p>\n<h4><strong>Programa\u00e7\u00e3o 40\u00aa Expomontes<\/strong><\/h4>\n<p>02\/07 \u2013 Victor e L\u00e9o<br \/>\n03\/07 \u2013 Anivers\u00e1rio da Cidade \u2013 Programa\u00e7\u00e3o da Prefeitura de Montes Claros<br \/>\n04\/07 \u2013 Lucas Lucco<br \/>\n05\/07 \u2013 Alexandre Pires<br \/>\n06\/07 \u2013 Patati Patat\u00e1 e Jota Quest<br \/>\n07\/07 \u2013 Festas Universit\u00e1rias<br \/>\n08\/07 \u2013 Festas Universit\u00e1rias<br \/>\n09\/07 \u2013 Festas Universit\u00e1rias<br \/>\n10\/07 \u2013 Show Gospel &#8211; Damares e Oficina G3<br \/>\n11\/07 \u2013 Chit\u00e3ozinho &#038; Xoror\u00f3<br \/>\n12\/07 \u2013 Cristiano Ara\u00fajo e Banda Garota Safada<br \/>\n13\/07 \u2013 Fernando &#038; Sorocaba<br \/>\nDia 07, 08 e 09 e 10 festas universit\u00e1rias com artistas nacionais.<\/p>\n<p><img decoding=\"async\" src=\"http:\/\/aconteceunovale.com.br\/portal\/wp-content\/uploads\/2014\/05\/alexandre_pires_expo_montes_14.jpg\" alt=\"\" \/><em><strong>Alexandre Pires se apresentar\u00e1 em Montes Claros. (Foto: Vin\u00edcius Costa\/ Ag\u00eancia Preview\/Divulga\u00e7\u00e3o)<\/strong><\/em><\/p>\n","protected":false},"excerpt":{"rendered":"<p>Evento ser\u00e1 realizado entre os dias 2 a 13 de julho em Montes Claros (MG). Cantor substituir\u00e1 apresenta\u00e7\u00e3o da banda nordestina Avi\u00f5es do Forr\u00f3. A comiss\u00e3o organizadora da 40\u00aa Expomontes confirmou, nesta sexta-feira (23) a vinda do cantor mineiro Alexandre Pires, no lugar da atra\u00e7\u00e3o Avi\u00f5es do Forr\u00f3. O pagodeiro se apresentar\u00e1 no dia 5 [&hellip;]<\/p>\n","protected":false},"author":1,"featured_media":29980,"comment_status":"open","ping_status":"closed","sticky":false,"template":"","format":"standard","meta":{"amp_status":"","footnotes":""},"categories":[125],"tags":[7892,4878,7888,1018,7887,6015,7893,7890,7891,7889],"class_list":["post-29979","post","type-post","status-publish","format-standard","has-post-thumbnail","hentry","category-noticias","tag-40a-edicao-da-expomontes-tera-show-com-o-pagodeiro-alexandre-pires","tag-40a-expomontes","tag-agenda-de-shows-da-expomontes-2014","tag-destaque","tag-expomontes","tag-expomontes-2014","tag-expomontes-2014-tera-show-com-o-pagodeiro-alexandre-pires","tag-programacao-40a-expomontes","tag-programacao-expomontes-2014","tag-shows-da-expomontes-2014"],"_links":{"self":[{"href":"https:\/\/aconteceunovale.com.br\/portal\/index.php?rest_route=\/wp\/v2\/posts\/29979","targetHints":{"allow":["GET"]}}],"collection":[{"href":"https:\/\/aconteceunovale.com.br\/portal\/index.php?rest_route=\/wp\/v2\/posts"}],"about":[{"href":"https:\/\/aconteceunovale.com.br\/portal\/index.php?rest_route=\/wp\/v2\/types\/post"}],"author":[{"embeddable":true,"href":"https:\/\/aconteceunovale.com.br\/portal\/index.php?rest_route=\/wp\/v2\/users\/1"}],"replies":[{"embeddable":true,"href":"https:\/\/aconteceunovale.com.br\/portal\/index.php?rest_route=%2Fwp%2Fv2%2Fcomments&post=29979"}],"version-history":[{"count":0,"href":"https:\/\/aconteceunovale.com.br\/portal\/index.php?rest_route=\/wp\/v2\/posts\/29979\/revisions"}],"wp:featuredmedia":[{"embeddable":true,"href":"https:\/\/aconteceunovale.com.br\/portal\/index.php?rest_route=\/wp\/v2\/media\/29980"}],"wp:attachment":[{"href":"https:\/\/aconteceunovale.com.br\/portal\/index.php?rest_route=%2Fwp%2Fv2%2Fmedia&parent=29979"}],"wp:term":[{"taxonomy":"category","embeddable":true,"href":"https:\/\/aconteceunovale.com.br\/portal\/index.php?rest_route=%2Fwp%2Fv2%2Fcategories&post=29979"},{"taxonomy":"post_tag","embeddable":true,"href":"https:\/\/aconteceunovale.com.br\/portal\/index.php?rest_route=%2Fwp%2Fv2%2Ftags&post=29979"}],"curies":[{"name":"wp","href":"https:\/\/api.w.org\/{rel}","templated":true}]}}