{"id":29966,"date":"2014-05-23T13:59:50","date_gmt":"2014-05-23T16:59:50","guid":{"rendered":"http:\/\/aconteceunovale.com.br\/portal\/?p=29966"},"modified":"2014-05-23T14:01:11","modified_gmt":"2014-05-23T17:01:11","slug":"policia-civil-de-salinas-recupera-carga-de-eletronicos-avaliada-em-500-mil-reais","status":"publish","type":"post","link":"https:\/\/aconteceunovale.com.br\/portal\/?p=29966","title":{"rendered":"Pol\u00edcia Civil de Salinas recupera carga de eletr\u00f4nicos avaliada em aproximadamente 500 mil reais"},"content":{"rendered":"<p>A Pol\u00edcia Civil de Salinas, no norte de Minas Gerais, recuperou no in\u00edcio da noite desta quinta-feira, 22 de maio, uma carreta com carga de produtos eletr\u00f4nicos avaliada em aproximadamente meio milh\u00e3o de reais.<\/p>\n<p>De acordo com informa\u00e7\u00f5es da PC, o ve\u00edculo trafegava pela BR-251, nas proximidades de Salinas, quando foi interceptado pelos policiais. A pol\u00edcia chegou at\u00e9 o ve\u00edculo ap\u00f3s uma den\u00fancia an\u00f4nima. Um homem de 25 anos, suspeito de envolvimento no roubo foi preso.<\/p>\n<p>V\u00e1rias buscas est\u00e3o sendo efetuadas na regi\u00e3o com o intuito de identificar e prender os demais participantes da quadrilha.<\/p>\n<h4><strong>Outras informa\u00e7\u00f5es a qualquer momento!<\/strong><\/h4>\n<p><strong>GALERIA DE FOTOS:<\/strong><br \/>\n<em>(Fotos: Pol\u00edcia Civil de Salinas \/ Divulga\u00e7\u00e3o)<\/em><\/p>\n<p><img decoding=\"async\" src=\"http:\/\/aconteceunovale.com.br\/portal\/wp-content\/uploads\/2014\/05\/prisao_carrega_eletronicos_salinas_22_05_1.jpg\" alt=\"\" \/><br \/>\n<div id='gallery-1' class='gallery galleryid-29966 gallery-columns-4 gallery-size-thumbnail'><figure class='gallery-item'>\n\t\t\t<div class='gallery-icon landscape'>\n\t\t\t\t<a href='https:\/\/aconteceunovale.com.br\/portal\/wp-content\/uploads\/2014\/05\/prisao_carrega_eletronicos_salinas_22_05_1.jpg'><img loading=\"lazy\" decoding=\"async\" width=\"150\" height=\"150\" src=\"https:\/\/aconteceunovale.com.br\/portal\/wp-content\/uploads\/2014\/05\/prisao_carrega_eletronicos_salinas_22_05_1-150x150.jpg\" class=\"attachment-thumbnail size-thumbnail\" alt=\"\" \/><\/a>\n\t\t\t<\/div><\/figure><figure class='gallery-item'>\n\t\t\t<div class='gallery-icon portrait'>\n\t\t\t\t<a href='https:\/\/aconteceunovale.com.br\/portal\/wp-content\/uploads\/2014\/05\/prisao_carrega_eletronicos_salinas_22_05_2.jpg'><img loading=\"lazy\" decoding=\"async\" width=\"150\" height=\"150\" src=\"https:\/\/aconteceunovale.com.br\/portal\/wp-content\/uploads\/2014\/05\/prisao_carrega_eletronicos_salinas_22_05_2-150x150.jpg\" class=\"attachment-thumbnail size-thumbnail\" alt=\"\" \/><\/a>\n\t\t\t<\/div><\/figure><figure class='gallery-item'>\n\t\t\t<div class='gallery-icon landscape'>\n\t\t\t\t<a href='https:\/\/aconteceunovale.com.br\/portal\/wp-content\/uploads\/2014\/05\/prisao_carrega_eletronicos_salinas_22_05_4.jpg'><img loading=\"lazy\" decoding=\"async\" width=\"150\" height=\"150\" src=\"https:\/\/aconteceunovale.com.br\/portal\/wp-content\/uploads\/2014\/05\/prisao_carrega_eletronicos_salinas_22_05_4-150x150.jpg\" class=\"attachment-thumbnail size-thumbnail\" alt=\"\" \/><\/a>\n\t\t\t<\/div><\/figure><figure class='gallery-item'>\n\t\t\t<div class='gallery-icon landscape'>\n\t\t\t\t<a href='https:\/\/aconteceunovale.com.br\/portal\/wp-content\/uploads\/2014\/05\/prisao_carrega_eletronicos_salinas_22_05_5.jpg'><img loading=\"lazy\" decoding=\"async\" width=\"150\" height=\"150\" src=\"https:\/\/aconteceunovale.com.br\/portal\/wp-content\/uploads\/2014\/05\/prisao_carrega_eletronicos_salinas_22_05_5-150x150.jpg\" class=\"attachment-thumbnail size-thumbnail\" alt=\"\" \/><\/a>\n\t\t\t<\/div><\/figure>\n\t\t<\/div>\n<\/p>\n","protected":false},"excerpt":{"rendered":"<p>A Pol\u00edcia Civil de Salinas, no norte de Minas Gerais, recuperou no in\u00edcio da noite desta quinta-feira, 22 de maio, uma carreta com carga de produtos eletr\u00f4nicos avaliada em aproximadamente meio milh\u00e3o de reais. De acordo com informa\u00e7\u00f5es da PC, o ve\u00edculo trafegava pela BR-251, nas proximidades de Salinas, quando foi interceptado pelos policiais. A [&hellip;]<\/p>\n","protected":false},"author":1,"featured_media":29967,"comment_status":"open","ping_status":"closed","sticky":false,"template":"","format":"standard","meta":{"amp_status":"","footnotes":""},"categories":[1236],"tags":[1018,7883,7884,190],"class_list":["post-29966","post","type-post","status-publish","format-standard","has-post-thumbnail","hentry","category-norte_de_minas","tag-destaque","tag-policia-civil-de-salinas-recupera-carga-de-eletronicos-avaliada-em-500-mil-reais","tag-policia-civil-de-salinas-recupera-carga-de-eletronicos-avaliada-em-aproximadamente-500-mil-reais","tag-salinas"],"_links":{"self":[{"href":"https:\/\/aconteceunovale.com.br\/portal\/index.php?rest_route=\/wp\/v2\/posts\/29966","targetHints":{"allow":["GET"]}}],"collection":[{"href":"https:\/\/aconteceunovale.com.br\/portal\/index.php?rest_route=\/wp\/v2\/posts"}],"about":[{"href":"https:\/\/aconteceunovale.com.br\/portal\/index.php?rest_route=\/wp\/v2\/types\/post"}],"author":[{"embeddable":true,"href":"https:\/\/aconteceunovale.com.br\/portal\/index.php?rest_route=\/wp\/v2\/users\/1"}],"replies":[{"embeddable":true,"href":"https:\/\/aconteceunovale.com.br\/portal\/index.php?rest_route=%2Fwp%2Fv2%2Fcomments&post=29966"}],"version-history":[{"count":0,"href":"https:\/\/aconteceunovale.com.br\/portal\/index.php?rest_route=\/wp\/v2\/posts\/29966\/revisions"}],"wp:featuredmedia":[{"embeddable":true,"href":"https:\/\/aconteceunovale.com.br\/portal\/index.php?rest_route=\/wp\/v2\/media\/29967"}],"wp:attachment":[{"href":"https:\/\/aconteceunovale.com.br\/portal\/index.php?rest_route=%2Fwp%2Fv2%2Fmedia&parent=29966"}],"wp:term":[{"taxonomy":"category","embeddable":true,"href":"https:\/\/aconteceunovale.com.br\/portal\/index.php?rest_route=%2Fwp%2Fv2%2Fcategories&post=29966"},{"taxonomy":"post_tag","embeddable":true,"href":"https:\/\/aconteceunovale.com.br\/portal\/index.php?rest_route=%2Fwp%2Fv2%2Ftags&post=29966"}],"curies":[{"name":"wp","href":"https:\/\/api.w.org\/{rel}","templated":true}]}}