{"id":29963,"date":"2014-05-23T13:18:03","date_gmt":"2014-05-23T16:18:03","guid":{"rendered":"http:\/\/aconteceunovale.com.br\/portal\/?p=29963"},"modified":"2014-05-23T13:18:03","modified_gmt":"2014-05-23T16:18:03","slug":"paulo-henrique-silva-as-estrategias-de-sempre","status":"publish","type":"post","link":"https:\/\/aconteceunovale.com.br\/portal\/?p=29963","title":{"rendered":"Paulo Henrique Silva &#8211; As estrat\u00e9gias de sempre"},"content":{"rendered":"<p><img decoding=\"async\" src=\"http:\/\/aconteceunovale.com.br\/portal\/wp-content\/uploads\/2014\/03\/artigo_paulao_18_05.jpg\" alt=\"\" \/><br \/>\n<\/br><\/p>\n<p>Dia desses, ap\u00f3s almo\u00e7ar em uma cidade com pouco mais de nove mil habitantes no Vale do Rio Doce, fui parabenizar o propriet\u00e1rio do restaurante pelo conjunto de fatores que ele conseguiu reunir no empreendimento e que, em minha opini\u00e3o, s\u00e3o ingredientes para uma receita de sucesso &#8211; com o perd\u00e3o do trocadilho: boa estrutura, ambiente agrad\u00e1vel, servi\u00e7o cordial e eficiente, boa comida e pre\u00e7o justo.<\/p>\n<p>Enquanto pagava a conta, a prosa flu\u00eda e eis que de repente, na televis\u00e3o ligada ao fundo do balc\u00e3o, passou a propaganda da nova novela da Rede Globo para o hor\u00e1rio das 19 horas, Gera\u00e7\u00e3o Brasil.<\/p>\n<p>Inevitavelmente, comentei que este ano, mais uma vez, vale tudo para tirar o PT do Planalto e que a logomarca da novela foi, escandalosamente, desenhada para remeter aos n\u00fameros dos dois principais partidos de oposi\u00e7\u00e3o, ou seja, PSB (40) e PSDB (45).<\/p>\n<p>Paranoia? Pouco prov\u00e1vel, ou melhor, com certeza n\u00e3o, porque o rastro de manipula\u00e7\u00e3o que a Globo vai deixando em sua hist\u00f3ria \u00e9 enorme. <\/p>\n<p>Em 2013, a Rede Globo assumiu seu \u2018erro\u2019 em apoiar a ditadura, sendo necess\u00e1rios 49 anos para assumir sua posi\u00e7\u00e3o pr\u00f3 militares, ou seja, quase meio s\u00e9culo depois!<\/p>\n<p>Em 2011, ap\u00f3s 22 anos, Jos\u00e9 Bonif\u00e1cio Sobrinho, o Boni, publicou \u201cO Livro do Boni\u201d, aonde narra com detalhes \u00e0 manipula\u00e7\u00e3o do \u00faltimo debate da elei\u00e7\u00e3o de 1989, decisivo para a elei\u00e7\u00e3o de Fernando Collor: \u201cEu achei que a briga do Collor com o Lula nos debates estava desigual, porque o Lula era o povo e o Collor era a autoridade\u201d, contou. \u201cEnt\u00e3o n\u00f3s conseguimos tirar a gravata do Collor, botar um pouco de suor com uma \u2018glicerinazinha\u2019 e colocamos as pastas todas que estavam ali com supostas den\u00fancias contra o Lula, mas as pastas estavam inteiramente vazias ou com pap\u00e9is em branco\u201d, disse Boni \u00e0 \u00e9poca. \u201cTodo aquele debate foi produzido, o conte\u00fado era do Collor mesmo, mas a parte formal n\u00f3s \u00e9 que fizemos\u201d. <\/p>\n<p>Em 2010, a emissora retirou do ar, para n\u00e3o ser acusada de tendenciosa, a campanha em comemora\u00e7\u00e3o aos seus 45 anos, pois tamb\u00e9m continha uma alus\u00e3o expl\u00edcita ao PSDB. <\/p>\n<p>Desde as 776 notifica\u00e7\u00f5es da Receita Federal por sonega\u00e7\u00e3o fiscal \u2013 com direito ao sumi\u00e7o do processo da sede do \u00f3rg\u00e3o no Rio de Janeiro, sendo que em janeiro de 2013, a funcion\u00e1ria da Receita, Cristina Maris Meinick Ribeiro, foi condenada pela Justi\u00e7a a quatro anos de pris\u00e3o como respons\u00e1vel pelo sumi\u00e7o, afirmando ter agido por livre e espont\u00e2nea vontade &#8211; \u00e0 acusa\u00e7\u00e3o de que repassam \u00e0 UNESCO apenas 10% do valor arrecadado com a campanha Crian\u00e7a Esperan\u00e7a, as Organiza\u00e7\u00f5es Globo v\u00e3o acumulando casos que, no m\u00ednimo, geram a desconfian\u00e7a sobre quais s\u00e3o as suas verdadeiras inten\u00e7\u00f5es e compromissos com o Brasil.<\/p>\n<p>Tal desconfian\u00e7a \u00e9 refletida diretamente nos \u00edndices de audi\u00eancia da Rede Globo.<\/p>\n<p>Como exemplo, nos \u00faltimos dez anos o Jornal Nacional viu a audi\u00eancia ser reduzida a um ter\u00e7o do que era.<\/p>\n<p>Com o Fant\u00e1stico em seu \u00e1pice na d\u00e9cada de 80, a audi\u00eancia passava de 40%. Hoje, n\u00e3o chega a 15%.<\/p>\n<p>Mais um mandato do PT \u00e0 frente do Governo Federal representa um risco \u00e0 exist\u00eancia das Organiza\u00e7\u00f5es Globo, porque longe do poder, n\u00e3o pode usufruir das benesses da coisa p\u00fablica a que estavam acostumadas desde a ditadura militar. <\/p>\n<p>E ainda tem a quest\u00e3o do marco regulat\u00f3rio da m\u00eddia que poder\u00e1 reorganizar o setor e quebrar o monop\u00f3lio que hoje \u00e9 o retrato dos meios de comunica\u00e7\u00e3o no Brasil, dominados por apenas nove fam\u00edlias!<\/p>\n<p>Enfim, ano de elei\u00e7\u00e3o, ano de manipula\u00e7\u00e3o da sociedade.<\/p>\n<p>E o dono do restaurante do in\u00edcio do artigo?<\/p>\n<p>Bem, a prosa terminou assim: \u201dMeu pai antes n\u00e3o trabalhava, porque tinha l\u00e1 umas vaquinhas e \u2018fazia\u2019 uns vinte queijos por dia. No final da tarde, vendia 5 e pagava os dez \u2018pe\u00e3o\u2019, o resto era lucro. O caboco que comprava um queijo do meu pai ficava devendo pra ele. Hoje, meu pai precisa vender quatro queijos e meio para pagar um dia de um pe\u00e3o. Fazendeiro hoje que n\u00e3o \u2018pul\u00e1 no mato\u2019 para trabalhar t\u00e1 enrolado&#8230;\u201d<\/p>\n<p>Esta realidade \u00e9 que tanto assusta quem estava acostumado com o \u2018bem bom\u2019, mas por conta do alheio&#8230; <\/p>\n<p>Forte abra\u00e7o!<\/p>\n","protected":false},"excerpt":{"rendered":"<p>Dia desses, ap\u00f3s almo\u00e7ar em uma cidade com pouco mais de nove mil habitantes no Vale do Rio Doce, fui parabenizar o propriet\u00e1rio do restaurante pelo conjunto de fatores que ele conseguiu reunir no empreendimento e que, em minha opini\u00e3o, s\u00e3o ingredientes para uma receita de sucesso &#8211; com o perd\u00e3o do trocadilho: boa estrutura, [&hellip;]<\/p>\n","protected":false},"author":1,"featured_media":29320,"comment_status":"open","ping_status":"closed","sticky":false,"template":"","format":"standard","meta":{"amp_status":"","footnotes":""},"categories":[4927],"tags":[7877,7879,7881,7880,7882,7878],"class_list":["post-29963","post","type-post","status-publish","format-standard","has-post-thumbnail","hentry","category-colunistas","tag-as-estrategias-de-sempre","tag-geracao-brasil","tag-globo-coloca-o-numero-45-na-logomarca-da-novela-geracao-brasil","tag-novela-geracao-brasil","tag-psdb","tag-simbolo-45-na-logomarca-da-novela-geracao-brasil"],"_links":{"self":[{"href":"https:\/\/aconteceunovale.com.br\/portal\/index.php?rest_route=\/wp\/v2\/posts\/29963","targetHints":{"allow":["GET"]}}],"collection":[{"href":"https:\/\/aconteceunovale.com.br\/portal\/index.php?rest_route=\/wp\/v2\/posts"}],"about":[{"href":"https:\/\/aconteceunovale.com.br\/portal\/index.php?rest_route=\/wp\/v2\/types\/post"}],"author":[{"embeddable":true,"href":"https:\/\/aconteceunovale.com.br\/portal\/index.php?rest_route=\/wp\/v2\/users\/1"}],"replies":[{"embeddable":true,"href":"https:\/\/aconteceunovale.com.br\/portal\/index.php?rest_route=%2Fwp%2Fv2%2Fcomments&post=29963"}],"version-history":[{"count":0,"href":"https:\/\/aconteceunovale.com.br\/portal\/index.php?rest_route=\/wp\/v2\/posts\/29963\/revisions"}],"wp:featuredmedia":[{"embeddable":true,"href":"https:\/\/aconteceunovale.com.br\/portal\/index.php?rest_route=\/wp\/v2\/media\/29320"}],"wp:attachment":[{"href":"https:\/\/aconteceunovale.com.br\/portal\/index.php?rest_route=%2Fwp%2Fv2%2Fmedia&parent=29963"}],"wp:term":[{"taxonomy":"category","embeddable":true,"href":"https:\/\/aconteceunovale.com.br\/portal\/index.php?rest_route=%2Fwp%2Fv2%2Fcategories&post=29963"},{"taxonomy":"post_tag","embeddable":true,"href":"https:\/\/aconteceunovale.com.br\/portal\/index.php?rest_route=%2Fwp%2Fv2%2Ftags&post=29963"}],"curies":[{"name":"wp","href":"https:\/\/api.w.org\/{rel}","templated":true}]}}