{"id":29961,"date":"2014-05-23T13:15:22","date_gmt":"2014-05-23T16:15:22","guid":{"rendered":"http:\/\/aconteceunovale.com.br\/portal\/?p=29961"},"modified":"2014-05-23T13:15:22","modified_gmt":"2014-05-23T16:15:22","slug":"paulo-henrique-silva-e-o-dinheiro-e-de-quem-mesmo","status":"publish","type":"post","link":"https:\/\/aconteceunovale.com.br\/portal\/?p=29961","title":{"rendered":"Paulo Henrique Silva &#8211; E o dinheiro, \u00e9 de quem mesmo?"},"content":{"rendered":"<p>Se a probabilidade de uma gesta\u00e7\u00e3o m\u00faltipla gira em torno de 1%, pode-se imaginar que o ser humano \u00e9 individualista desde a sua concep\u00e7\u00e3o, priorizando em demasia o Eu e relegando o N\u00f3s \u00e0s situa\u00e7\u00f5es que lhe sejam convenientes, agindo coerentemente com o seu instinto natural.<\/p>\n<p>Vejamos: o estado de S\u00e3o Paulo, principalmente a regi\u00e3o metropolitana da capital, atravessa a pior estiagem dos \u00faltimos anos e as consequ\u00eancias est\u00e3o a\u00ed, desabastecimento e o tal \u2018rod\u00edzio\u2019 de \u00e1gua, que at\u00e9 poderia ser de pizza, afinal de contas a atual situa\u00e7\u00e3o foi prevista l\u00e1 atr\u00e1s, em 2009.<\/p>\n<p>Mesmo assim, o h\u00e1bito das \u2018varri\u00e7\u00f5es\u2019, com mangueiras jorrando ao l\u00e9u este precioso l\u00edquido, como n\u00e3o fosse importante ter o m\u00ednimo de consci\u00eancia ambiental em pleno s\u00e9culo 21, continua a todo vapor, pois o importante \u00e9 a minha cal\u00e7ada, \u00e9 a frente da minha casa, do meu pr\u00e9dio, do meu empreendimento. Tudo precisa estar bem limpinho&#8230; Vai faltar \u00e1gua na periferia? \u201cAi, a minha dom\u00e9stica mora l\u00e1, sofre n\u00e9 tadinha&#8230;\u201d. <\/p>\n<p>Prova mais atual do individualismo do ser humano n\u00e3o h\u00e1, concordam? E como esta prosa se relaciona com o t\u00edtulo deste artigo? <\/p>\n<p>Em toda compra que efetuamos, individualmente, no dia a dia, existe a incid\u00eancia da carga tribut\u00e1ria, ou seja, \u00e9 o nosso dinheiro gerando a receita que toca a nossa m\u00e1quina p\u00fablica.<\/p>\n<p>\u00c9 a\u00ed que entra o questionamento: e o dinheiro, \u00e9 de quem mesmo? \u00c9 nosso! Simples assim!<\/p>\n<p>Mas o ser humano, em sua individualidade nata, sempre encontrou dificuldades para viver o coletivo, mesmo estando no coletivo, em sociedade, desde os prim\u00f3rdios.<\/p>\n<p>A\u00ed vem aquela abordagem na linha da vitimiza\u00e7\u00e3o, onde o nosso dinheiro passa a ser o dinheiro do Governo, logo, \u201ccomo ele n\u00e3o \u00e9 mais meu\u201d, quem tem que zelar dele \u00e9 o Governo&#8230; Como diria o cumpadi Washington: sabe de nada inocente&#8230;<\/p>\n<p>Em uma democracia, que \u00e9 o caso do Brasil, tanto o voto quanto o dinheiro p\u00fablico \u00e9 do povo e zelar por ambos \u00e9 um dever de cada cidad\u00e3o.<\/p>\n<p>Vender o voto e depois colocar a culpa no poder p\u00fablico pelo descaso na utiliza\u00e7\u00e3o de recursos p\u00fablicos nos munic\u00edpios \u00e9 coisa de gente desqualificada para viver em sociedade.<\/p>\n<p>Votar conscientemente e depois colocar a culpa no poder p\u00fablico sobre tudo de errado que est\u00e1 acontecendo em sua cidade, sem continuar exercendo a cidadania atrav\u00e9s da fiscaliza\u00e7\u00e3o da aplica\u00e7\u00e3o dos nossos recursos p\u00fablicos, \u00e9 caso de acomoda\u00e7\u00e3o.<\/p>\n<p>Agora, votar conscientemente e participar do desenvolvimento do seu munic\u00edpio, atrav\u00e9s da pr\u00e1tica da fiscaliza\u00e7\u00e3o do poder p\u00fablico, envolvendo-se com os assuntos que se referem \u00e0 sociedade como um todo, ao coletivo, a\u00ed \u00e9 o que este pa\u00eds precisa, \u00e9 postura de cidad\u00e3o.<\/p>\n<p>E n\u00e3o precisa ser um letrado, um grande conhecedor de leis, um especialista em gest\u00e3o p\u00fablica, pelo contr\u00e1rio, basta ter a mesma postura que se tem quando o assunto refere-se ao Eu, ou seja, esteja atento.<\/p>\n<p>Aten\u00e7\u00e3o \u00e0 situa\u00e7\u00e3o da unidade de sa\u00fade, quando for necess\u00e1rio recorrer a uma delas; aten\u00e7\u00e3o \u00e0 escola p\u00fablica aonde o filho estuda, quando for convocado para uma reuni\u00e3o de pais; aten\u00e7\u00e3o \u00e0s estradas que cortam a zona rural, quando estiver passando por l\u00e1, seja a trabalho ou lazer; aten\u00e7\u00e3o \u00e0 limpeza urbana, ainda mais em munic\u00edpios que possuem coleta de lixo regular; foi deixar o filho na creche p\u00fablica, esteja atento; e por a\u00ed vai&#8230;<\/p>\n<p>O nome desta aten\u00e7\u00e3o \u00e9 Controle Social \u2013 <a href=\"http:\/\/www.cgu.gov.br\/Publicacoes\/CartilhaOlhoVivo\/\" target=\"_blank\"><strong>Controladoria Geral da Uni\u00e3o\/Olho Vivo<\/strong><\/a> &#8211; e est\u00e1 prevista em leis, com diversos mecanismos acess\u00edveis para participa\u00e7\u00e3o popular.  <\/p>\n<p>Vamos deixar o nosso individualismo nato de lado e passar a, efetivamente, viver em sociedade.<\/p>\n<p>As transforma\u00e7\u00f5es que est\u00e3o ocorrendo no nosso pa\u00eds s\u00e3o imensas, dignas do tamanho de uma grande na\u00e7\u00e3o, mas ainda falta muito e a solu\u00e7\u00e3o passa por nossas m\u00e3os, enquanto cidad\u00e3os comprometidos com um futuro verdadeiramente melhor.<\/p>\n<p>Afinal de contas, o dinheiro \u00e9 nosso e n\u00e3o aceita desaforos.<\/p>\n<p>Forte abra\u00e7o!<\/p>\n","protected":false},"excerpt":{"rendered":"<p>Se a probabilidade de uma gesta\u00e7\u00e3o m\u00faltipla gira em torno de 1%, pode-se imaginar que o ser humano \u00e9 individualista desde a sua concep\u00e7\u00e3o, priorizando em demasia o Eu e relegando o N\u00f3s \u00e0s situa\u00e7\u00f5es que lhe sejam convenientes, agindo coerentemente com o seu instinto natural. Vejamos: o estado de S\u00e3o Paulo, principalmente a regi\u00e3o [&hellip;]<\/p>\n","protected":false},"author":1,"featured_media":23197,"comment_status":"open","ping_status":"closed","sticky":false,"template":"","format":"standard","meta":{"amp_status":"","footnotes":""},"categories":[4927],"tags":[7876],"class_list":["post-29961","post","type-post","status-publish","format-standard","has-post-thumbnail","hentry","category-colunistas","tag-corrupcao-no-brasil"],"_links":{"self":[{"href":"https:\/\/aconteceunovale.com.br\/portal\/index.php?rest_route=\/wp\/v2\/posts\/29961","targetHints":{"allow":["GET"]}}],"collection":[{"href":"https:\/\/aconteceunovale.com.br\/portal\/index.php?rest_route=\/wp\/v2\/posts"}],"about":[{"href":"https:\/\/aconteceunovale.com.br\/portal\/index.php?rest_route=\/wp\/v2\/types\/post"}],"author":[{"embeddable":true,"href":"https:\/\/aconteceunovale.com.br\/portal\/index.php?rest_route=\/wp\/v2\/users\/1"}],"replies":[{"embeddable":true,"href":"https:\/\/aconteceunovale.com.br\/portal\/index.php?rest_route=%2Fwp%2Fv2%2Fcomments&post=29961"}],"version-history":[{"count":0,"href":"https:\/\/aconteceunovale.com.br\/portal\/index.php?rest_route=\/wp\/v2\/posts\/29961\/revisions"}],"wp:featuredmedia":[{"embeddable":true,"href":"https:\/\/aconteceunovale.com.br\/portal\/index.php?rest_route=\/wp\/v2\/media\/23197"}],"wp:attachment":[{"href":"https:\/\/aconteceunovale.com.br\/portal\/index.php?rest_route=%2Fwp%2Fv2%2Fmedia&parent=29961"}],"wp:term":[{"taxonomy":"category","embeddable":true,"href":"https:\/\/aconteceunovale.com.br\/portal\/index.php?rest_route=%2Fwp%2Fv2%2Fcategories&post=29961"},{"taxonomy":"post_tag","embeddable":true,"href":"https:\/\/aconteceunovale.com.br\/portal\/index.php?rest_route=%2Fwp%2Fv2%2Ftags&post=29961"}],"curies":[{"name":"wp","href":"https:\/\/api.w.org\/{rel}","templated":true}]}}