{"id":29959,"date":"2014-05-23T13:13:41","date_gmt":"2014-05-23T16:13:41","guid":{"rendered":"http:\/\/aconteceunovale.com.br\/portal\/?p=29959"},"modified":"2014-05-23T13:13:41","modified_gmt":"2014-05-23T16:13:41","slug":"paulo-henrique-silva-os-anos-60-o-golpe-e-os-dias-de-hoje","status":"publish","type":"post","link":"https:\/\/aconteceunovale.com.br\/portal\/?p=29959","title":{"rendered":"Paulo Henrique Silva &#8211; Os anos 60, o Golpe e os dias de hoje"},"content":{"rendered":"<p>O retorno \u00e0 Bras\u00edlia, em novembro de 2013, dos restos mortais do ex-presidente da Rep\u00fablica Jo\u00e3o Goulart, com honras de chefe de Estado, foi um dos momentos mais emblem\u00e1ticos no processo de quebra do sil\u00eancio sobre os fatos ocorridos durante a Ditadura Militar que vigorou no Brasil entre 1.964 e que, na pr\u00e1tica da retomada da democracia no nosso pa\u00eds, terminou com a Assembleia Constituinte em 1987 e que deu origem \u00e0 Constitui\u00e7\u00e3o Federal de 1988.<\/p>\n<p>Nos anos 60, no contexto pol\u00edtico mundial daquele momento, v\u00e1rios pa\u00edses ocidentais sinalizaram uma guinada \u00e0 esquerda, com uma \u2018pegada\u2019 mais progressista, com garantia dos direitos civis e com o surgimento do feminismo e movimentos em favor dos negros, dos homossexuais e dos trabalhadores, al\u00e9m da consolida\u00e7\u00e3o dos movimentos culturais e ideol\u00f3gicos alternativos. <\/p>\n<p>Nesta onda, John Kennedy venceu as elei\u00e7\u00f5es de 1960 nos Estados Unidos, a coaliz\u00e3o de centro-esquerda na It\u00e1lia em 1963 e os trabalhistas no Reino Unido em 1964 se consolidaram e, no Brasil, Jo\u00e3o Goulart virou o primeiro presidente trabalhista com a ren\u00fancia de J\u00e2nio Quadros.<\/p>\n<p>Antes disso, Juscelino Kubitschek de Oliveira, o JK, prefeito de Belo Horizonte (1940-1945) e Governador de Minas Gerais (1951-1955), \u2018aterrorizou\u2019 o mundo construindo Bras\u00edlia em tempo recorde, inaugurada em 21 de abril de 1960, quando foi presidente do Brasil entre 1956 e 1961.<\/p>\n<p>Era muita transforma\u00e7\u00e3o para o conservadorismo da \u00e9poca, a \u2018amea\u00e7a vermelha\u2019 batia \u00e0 porta e o Brasil destacava-se como um forte candidato \u00e0 pot\u00eancia mundial. <\/p>\n<p>Com o assassinato de John Kennedy em 22 de novembro de 1963, durante uma visita a Dallas, no Texas, os Estados Unidos retomaram ainda mais intensamente as agress\u00f5es militaristas na Am\u00e9rica Latina, sendo que, anteriormente, Arturo Frondizi Ercoli, Presidente da Argentina entre 1958 e 1962, alertou o diplomata brasileiro Afonso Arinos, durante a Conven\u00e7\u00e3o da ONU de 1961, sobre o plano dos EUA de apoiar seguidas ditaduras militares. <\/p>\n<p>E assim foram, regadas a muitos milhares de d\u00f3lares, conquistadas as trai\u00e7\u00f5es de v\u00e1rios militares latinos, das classes detentoras do poder econ\u00f4mico, al\u00e9m dos meios de comunica\u00e7\u00e3o e v\u00e1rios pol\u00edticos oportunistas, culminando com a sequ\u00eancia de golpes na Am\u00e9rica do Sul: Argentina, Equador, Brasil, Bol\u00edvia, Peru, Chile e Uruguai. <\/p>\n<p>Pois bem, \u00e9 preciso lembrar ainda que em 26 de abril de 1965, j\u00e1 no in\u00edcio do Golpe Militar no Brasil, foi inaugurada no Rio de Janeiro a Rede Globo de Televis\u00e3o, possivelmente um pr\u00eamio concedido ao Roberto Marinho pela publica\u00e7\u00e3o em seu jornal O Globo, no dia 2 de abril de 1964, do editorial &#8220;<a href=\"http:\/\/memoria.oglobo.globo.com\/erros-e-acusacoes-falsas\/apoio-ao-golpe-de-64-foi-um-erro-9328244\" target=\"_blank\">Ressurge a Democracia<\/a>&#8221; que apoiava os militares.<\/p>\n<p>E nos dias de hoje, qual o reflexo deste per\u00edodo turbulento da pol\u00edtica regional? <\/p>\n<p>Novos tempos e velhas praticas \u00e9 o ambiente em que estamos vivendo atualmente, ou melhor, desde que o atual governo assumiu o poder em 2003 com o Presidente Lula e iniciou uma s\u00e9rie de mudan\u00e7as de vi\u00e9s progressista, incomodando muito os detentores do poder econ\u00f4mico, bem como os meios de comunica\u00e7\u00e3o.<\/p>\n<p>Longe de levantar algum tipo de bandeira partid\u00e1ria, mas para elucidar que as mudan\u00e7as que est\u00e3o em plena implementa\u00e7\u00e3o no Brasil s\u00e3o melhores para a grande maioria da parcela da nossa popula\u00e7\u00e3o que estava \u00e0 margem da sociedade, numa clara exclus\u00e3o social, tanto econ\u00f4mica quanto de direitos civis e incomodam tanto internamente, mas principalmente, o ambiente externo. <\/p>\n<p>Entenda-se por ambiente externo o jogo da geopol\u00edtica, aonde o Brasil deixou de ser o quintal dos EUA, escancaradamente interessados nas potencialidades do nosso pa\u00eds, em especial o petr\u00f3leo e a Amaz\u00f4nia, e tornou-se um ator global, fortalecendo sua lideran\u00e7a regional e mundial, aliando-se aos Brics: Brasil, R\u00fassia, \u00cdndia, China e \u00c1frica do Sul.<\/p>\n<p>Nos dias de hoje, a grande m\u00eddia nacional continua n\u00e3o divulgando as melhorias do pa\u00eds, t\u00e3o pouco faz um jornalismo que informe e oriente a popula\u00e7\u00e3o sobre os assuntos que podem gerar um desenvolvimento mais acentuado e equilibrado da nossa sociedade.<\/p>\n<p>Algu\u00e9m j\u00e1 ouviu falar de Controle Social na tela do Plim Plim? Em orientar e incentivar a participa\u00e7\u00e3o da popula\u00e7\u00e3o nos conselhos municipais das \u00e1reas da Educa\u00e7\u00e3o, Sa\u00fade, Desenvolvimento Social e outros?<\/p>\n<p>Quando \u00e9 que a Agricultura Familiar, que produz algo em torno de 65% a 70% do que o brasileiro tem \u00e0 sua mesa, apareceu em algum telejornal nacional em hor\u00e1rio nobre?<\/p>\n<p>E a Petrobr\u00e1s? Cresceu, entre os anos de 2003 e 2012, a receita em 193,89%, os ativos tiveram um incremento de 397,46% e o patrim\u00f4nio l\u00edquido aumentou 599,72%. Valia R$ 54 bilh\u00f5es em 2003, hoje vale R$ 215 bilh\u00f5es, ou seja, praticamente 4 vezes mais, mas mesmo assim \u00e9 noticiado que est\u00e1 no \u2018buraco\u2019, quebrada&#8230;<\/p>\n<p>A quem interessa este tipo de sentimento de derrotismo que \u00e9 disseminado na nossa sociedade, todos os dias, pela grande m\u00eddia? <\/p>\n<p>Com certeza n\u00e3o \u00e9 ao povo brasileiro!<\/p>\n<p>O nosso Brasil possui 5.561 munic\u00edpios, considerando-se o Distrito Federal. Nada menos que 5.037 ou 90,58% das nossas cidades possuem menos de 50.000 habitantes. <\/p>\n<p>Em Minas Gerais, dos 853 munic\u00edpios, 793 possuem menos de 50.000 habitantes ou 92,97% do total, sendo que nas regi\u00f5es do Norte de Minas e dos Vales do Jequitinhonha, Mucuri e Rio Doce, existem apenas 11 munic\u00edpios com mais de 50.000 habitantes.<\/p>\n<p>O que estes n\u00fameros favorecem?<\/p>\n<p>A participa\u00e7\u00e3o da popula\u00e7\u00e3o nos assuntos do dia a dia de cada munic\u00edpio, na fiscaliza\u00e7\u00e3o dos recursos que s\u00e3o <a href=\"http:\/\/www.portaltransparencia.gov.br\/\" target=\"_blank\">transferidos pelo Governo Federal<\/a>; na participa\u00e7\u00e3o em conselhos municipais de Sa\u00fade, Educa\u00e7\u00e3o, Desenvolvimento Social ou Desenvolvimento Rural Sustent\u00e1vel; na participa\u00e7\u00e3o das reuni\u00f5es das C\u00e2maras de Vereadores, enfim, fazer valer o peso do voto e exercer a cidadania no dia a dia, pois s\u00f3 assim, com a consolida\u00e7\u00e3o das institui\u00e7\u00f5es e da participa\u00e7\u00e3o popular, \u00e9 que estaremos definitivamente livres dos efeitos de 1.964 que ainda persistem na nossa sociedade e s\u00e3o muito sutis, mas absurdamente mal\u00e9ficos. <\/p>\n<p>Forte abra\u00e7o!<\/p>\n","protected":false},"excerpt":{"rendered":"<p>O retorno \u00e0 Bras\u00edlia, em novembro de 2013, dos restos mortais do ex-presidente da Rep\u00fablica Jo\u00e3o Goulart, com honras de chefe de Estado, foi um dos momentos mais emblem\u00e1ticos no processo de quebra do sil\u00eancio sobre os fatos ocorridos durante a Ditadura Militar que vigorou no Brasil entre 1.964 e que, na pr\u00e1tica da retomada [&hellip;]<\/p>\n","protected":false},"author":1,"featured_media":23197,"comment_status":"open","ping_status":"closed","sticky":false,"template":"","format":"standard","meta":{"amp_status":"","footnotes":""},"categories":[4927],"tags":[6135,7875],"class_list":["post-29959","post","type-post","status-publish","format-standard","has-post-thumbnail","hentry","category-colunistas","tag-50-anos-do-golpe-militar","tag-golpe-militar"],"_links":{"self":[{"href":"https:\/\/aconteceunovale.com.br\/portal\/index.php?rest_route=\/wp\/v2\/posts\/29959","targetHints":{"allow":["GET"]}}],"collection":[{"href":"https:\/\/aconteceunovale.com.br\/portal\/index.php?rest_route=\/wp\/v2\/posts"}],"about":[{"href":"https:\/\/aconteceunovale.com.br\/portal\/index.php?rest_route=\/wp\/v2\/types\/post"}],"author":[{"embeddable":true,"href":"https:\/\/aconteceunovale.com.br\/portal\/index.php?rest_route=\/wp\/v2\/users\/1"}],"replies":[{"embeddable":true,"href":"https:\/\/aconteceunovale.com.br\/portal\/index.php?rest_route=%2Fwp%2Fv2%2Fcomments&post=29959"}],"version-history":[{"count":0,"href":"https:\/\/aconteceunovale.com.br\/portal\/index.php?rest_route=\/wp\/v2\/posts\/29959\/revisions"}],"wp:featuredmedia":[{"embeddable":true,"href":"https:\/\/aconteceunovale.com.br\/portal\/index.php?rest_route=\/wp\/v2\/media\/23197"}],"wp:attachment":[{"href":"https:\/\/aconteceunovale.com.br\/portal\/index.php?rest_route=%2Fwp%2Fv2%2Fmedia&parent=29959"}],"wp:term":[{"taxonomy":"category","embeddable":true,"href":"https:\/\/aconteceunovale.com.br\/portal\/index.php?rest_route=%2Fwp%2Fv2%2Fcategories&post=29959"},{"taxonomy":"post_tag","embeddable":true,"href":"https:\/\/aconteceunovale.com.br\/portal\/index.php?rest_route=%2Fwp%2Fv2%2Ftags&post=29959"}],"curies":[{"name":"wp","href":"https:\/\/api.w.org\/{rel}","templated":true}]}}