{"id":29955,"date":"2014-05-23T13:10:14","date_gmt":"2014-05-23T16:10:14","guid":{"rendered":"http:\/\/aconteceunovale.com.br\/portal\/?p=29955"},"modified":"2014-05-23T13:10:14","modified_gmt":"2014-05-23T16:10:14","slug":"paulo-henrique-silva-mas-afinal-de-contas-e-a-tal-da-cidadania-por-onde-anda","status":"publish","type":"post","link":"https:\/\/aconteceunovale.com.br\/portal\/?p=29955","title":{"rendered":"Paulo Henrique Silva &#8211; Mas afinal de contas e a tal da cidadania, por onde anda?"},"content":{"rendered":"<p>\u00c9 muito comum no nosso dia a dia ouvirmos algu\u00e9m esbravejar ao nosso lado frases do tipo: \u201cEu pago meus impostos e tenho os meus direitos, sou um cidad\u00e3o!\u201d. <\/p>\n<p>Geralmente entoadas no calor de situa\u00e7\u00f5es de estresse, como por exemplo, no caso de aguardar atendimento em algum posto de sa\u00fade p\u00fablica, aonde os m\u00e9dicos de plant\u00e3o podem estar um tanto quanto \u2018desanimados\u2019 para assistir a popula\u00e7\u00e3o com a aten\u00e7\u00e3o e dignidade que qualquer ser humano merece, frases assim soam como um acordar moment\u00e2neo para um sentimento que deveria fazer parte em todos os momentos da vida em sociedade, mas nem sempre \u00e9 assim, pelo contr\u00e1rio, o que se observa no nosso pa\u00eds \u00e9 a postura individualista, inerente ao ser humano, mas corrosiva quando a quest\u00e3o \u00e9 a coletividade.<\/p>\n<p>Como desejar uma sociedade equilibrada, somente na base dos direitos? E os deveres, como ficam? E a\u00ed, por onde anda a tal da cidadania?<\/p>\n<p>Cidadania \u00e9 um termo de origem etimol\u00f3gica no latim civitas, que significa cidade; logo, diretamente ligada ao coletivo, que por sua vez \u00e9 composto de direitos e, obviamente, deveres. <\/p>\n<p>Ilus\u00e3o pensar em direitos &#8211; b\u00f4nus, sem atrel\u00e1-los aos deveres &#8211; \u00f4nus.<\/p>\n<p>Se todo cidad\u00e3o pensar somente nos seus direitos, sem ter uma postura cidad\u00e3, que \u00e9 justamente cumprir com os seus deveres e praticando a cidadania, o resultado \u00e9 uma sociedade desequilibrada do ponto de vista da garantia dos direitos de cada indiv\u00edduo. Isto \u00e9 coletividade, viver em sociedade!<\/p>\n<p>Tudo em sociedade \u00e9 do coletivo, jamais individual e, sendo assim, participar do desenvolvimento de cada munic\u00edpio \u00e9 dever, obriga\u00e7\u00e3o, de cada cidad\u00e3o.<\/p>\n<p>Chega o per\u00edodo de elei\u00e7\u00e3o, a grande maioria vota no candidato que se tem mais afinidade ou aquele que apresentou as melhores propostas e depois, \u201dentrega para Deus\u201d&#8230;<\/p>\n<p>Da\u00ed para frente \u00e9 com Ele, que Ele \u2018ilumine\u2019 o candidato eleito para que fa\u00e7a aquilo que se \u00e9 desejado de um representante p\u00fablico.<\/p>\n<p>Ir a uma plen\u00e1ria da C\u00e2mara Municipal? \u201cAh, n\u00e3o tenho tempo para esta \u2018bobagem\u2019\u201d.<\/p>\n<p>Ir a uma reuni\u00e3o do Conselho Municipal de Sa\u00fade? \u201cMarquei uma cervejinha com o compadre, deixa pra outro dia\u201d.<\/p>\n<p>Reuni\u00e3o de pais e professores na escola dos filhos? \u201cAh, mas aquelas professoras s\u00e3o \u2018chatas\u2019, n\u00e3o entendem os meus filhos\u201d.<\/p>\n<p>Cidadania \u00e9 a consci\u00eancia de coletividade, \u00e9 garantir a posse de direitos civis, pol\u00edticos e sociais, individuais e coletivos, atrav\u00e9s do compromisso de cumprir com os deveres que s\u00e3o de responsabilidade de cada indiv\u00edduo. <\/p>\n<p>S\u00f3 n\u00e3o podemos ser como o Homer Simpson, que sentado no sof\u00e1, sempre diz: \u201cSe a culpa \u00e9 minha, eu ponho em quem quiser\u201d. <\/p>\n<p>Forte abra\u00e7o!<\/p>\n","protected":false},"excerpt":{"rendered":"<p>\u00c9 muito comum no nosso dia a dia ouvirmos algu\u00e9m esbravejar ao nosso lado frases do tipo: \u201cEu pago meus impostos e tenho os meus direitos, sou um cidad\u00e3o!\u201d. Geralmente entoadas no calor de situa\u00e7\u00f5es de estresse, como por exemplo, no caso de aguardar atendimento em algum posto de sa\u00fade p\u00fablica, aonde os m\u00e9dicos de [&hellip;]<\/p>\n","protected":false},"author":1,"featured_media":23197,"comment_status":"open","ping_status":"closed","sticky":false,"template":"","format":"standard","meta":{"amp_status":"","footnotes":""},"categories":[4927],"tags":[7872],"class_list":["post-29955","post","type-post","status-publish","format-standard","has-post-thumbnail","hentry","category-colunistas","tag-cidadania"],"_links":{"self":[{"href":"https:\/\/aconteceunovale.com.br\/portal\/index.php?rest_route=\/wp\/v2\/posts\/29955","targetHints":{"allow":["GET"]}}],"collection":[{"href":"https:\/\/aconteceunovale.com.br\/portal\/index.php?rest_route=\/wp\/v2\/posts"}],"about":[{"href":"https:\/\/aconteceunovale.com.br\/portal\/index.php?rest_route=\/wp\/v2\/types\/post"}],"author":[{"embeddable":true,"href":"https:\/\/aconteceunovale.com.br\/portal\/index.php?rest_route=\/wp\/v2\/users\/1"}],"replies":[{"embeddable":true,"href":"https:\/\/aconteceunovale.com.br\/portal\/index.php?rest_route=%2Fwp%2Fv2%2Fcomments&post=29955"}],"version-history":[{"count":0,"href":"https:\/\/aconteceunovale.com.br\/portal\/index.php?rest_route=\/wp\/v2\/posts\/29955\/revisions"}],"wp:featuredmedia":[{"embeddable":true,"href":"https:\/\/aconteceunovale.com.br\/portal\/index.php?rest_route=\/wp\/v2\/media\/23197"}],"wp:attachment":[{"href":"https:\/\/aconteceunovale.com.br\/portal\/index.php?rest_route=%2Fwp%2Fv2%2Fmedia&parent=29955"}],"wp:term":[{"taxonomy":"category","embeddable":true,"href":"https:\/\/aconteceunovale.com.br\/portal\/index.php?rest_route=%2Fwp%2Fv2%2Fcategories&post=29955"},{"taxonomy":"post_tag","embeddable":true,"href":"https:\/\/aconteceunovale.com.br\/portal\/index.php?rest_route=%2Fwp%2Fv2%2Ftags&post=29955"}],"curies":[{"name":"wp","href":"https:\/\/api.w.org\/{rel}","templated":true}]}}