{"id":29949,"date":"2014-05-23T13:08:58","date_gmt":"2014-05-23T16:08:58","guid":{"rendered":"http:\/\/aconteceunovale.com.br\/portal\/?p=29949"},"modified":"2014-05-23T13:08:58","modified_gmt":"2014-05-23T16:08:58","slug":"paulo-henrique-silva-todos-nos-somos-politicos-serio","status":"publish","type":"post","link":"https:\/\/aconteceunovale.com.br\/portal\/?p=29949","title":{"rendered":"Paulo Henrique Silva &#8211; Todos n\u00f3s somos pol\u00edticos! S\u00e9rio?"},"content":{"rendered":"<p>O termo pol\u00edtica nos remete \u00e0 antiga Gr\u00e9cia e tem sua origem na palavra grega polit\u00e9ia, diretamente relacionada \u00e0 p\u00f3lis, ou cidade-Estado. Logo, polit\u00e9ia poderia significar tanto cidade-Estado quanto sociedade, comunidade, coletividade e outras defini\u00e7\u00f5es referentes ao coletivo e \u00e0 vida em sociedade.<\/p>\n<p>Nas ci\u00eancias sociais, mais especificamente em sociologia, uma sociedade &#8211; do latim: societas \u2013 \u00e9 o conjunto de pessoas que tem prop\u00f3sitos convergentes, ou seja, de forma geral tem os mesmos objetivos, desejam as mesmas coisas, compartilham preocupa\u00e7\u00f5es, gostos e costumes, interagindo entre si e constituindo uma comunidade.<\/p>\n<p>Logo, conceitualmente, pol\u00edtica e sociedade caminham juntas h\u00e1 mais de 2.500 anos, mas na pr\u00e1tica sempre estiveram ligadas e se complementam desde os prim\u00f3rdios da exist\u00eancia humana.<\/p>\n<p>Mas vamos para os dias de hoje e experimentar algumas reflex\u00f5es, pressupondo-se que uma sociedade \u00e9 composta de pessoas com os mesmos desejos e que \u00e9 necess\u00e1rio ter o m\u00ednimo de organiza\u00e7\u00e3o social para se conseguir a conquista destes desejos, afinal de contas, n\u00e3o \u00e9 maluquice desejar sa\u00fade e educa\u00e7\u00e3o de qualidade; lazer e seguran\u00e7a p\u00fablica; emprego e renda; e por a\u00ed vai&#8230; Certo?<\/p>\n<p>Quando uma pessoa est\u00e1 com necessidade de agendar uma consulta m\u00e9dica, ela precisa negociar no seu local de trabalho uma agenda compat\u00edvel com os hor\u00e1rios ou obriga\u00e7\u00f5es junto \u00e0 institui\u00e7\u00e3o em que trabalha, ou na pior das hip\u00f3teses, apresentar um atestado m\u00e9dico que lhe permita ausentar-se sem ser penalizada pelas normas trabalhistas vigentes, correto?<\/p>\n<p>Ent\u00e3o vamos refletir juntos:<\/p>\n<p>1- O desejo \u00e9 a agenda de uma consulta m\u00e9dica (a n\u00e3o ser que a pessoa tenha um maior desejo de continuar com algum tipo de mal estar, a\u00ed \u00e9 caso de op\u00e7\u00e3o, foro \u00edntimo&#8230;);<\/p>\n<p>2- A\u00ed vem a necessidade de negociar no local de trabalho para que a conviv\u00eancia permane\u00e7a tranquila, adequando agendas com tarefas, pois \u00e9 dali que sai o provento familiar;<\/p>\n<p>3- Se n\u00e3o deu tempo de negociar e foi necess\u00e1rio faltar em um dia de servi\u00e7o, \u00e9 necess\u00e1rio cumprir as normas vigentes e apresentar um atestado m\u00e9dico.<\/p>\n<p>Confere? Desejo, negociar, conviv\u00eancia, negociar, cumprir normas.<\/p>\n<p>Ta\u00ed, um exemplo da pol\u00edtica (negocia\u00e7\u00e3o, di\u00e1logo, troca de ideias&#8230;) que fazemos todos os dias para viver em sociedade (desejos, interesses comuns, normas&#8230;).<\/p>\n<p>Assim \u00e9 no trabalho, na escola dos filhos (qual m\u00e3e n\u00e3o teve seus conflitos na educa\u00e7\u00e3o dos filhos?), no lazer, na faculdade, no supermercado, no banco (a n\u00e3o ser que voc\u00ea seja daqueles que fura a fila do caixa&#8230;) e, principalmente, dentro da pr\u00f3pria casa.<\/p>\n<p>Ent\u00e3o, n\u00e3o h\u00e1 como fugir da natureza do ser humano: sim, somos seres pol\u00edticos desde o nascimento e precisamos respeitar regras para poder viver em sociedade.<\/p>\n<p>Mas tamb\u00e9m temos os nossos direitos, sempre seguidos de nossos deveres. N\u00e3o podemos nos iludir, pois todo b\u00f4nus (direito) vem seguido de um \u00f4nus (dever).<\/p>\n<p>J\u00e1 \u00e9 hora de participar efetivamente das decis\u00f5es que influenciam o dia a dia da nossa sociedade, porque n\u00e3o se pode deixar para que o outro fa\u00e7a o papel que \u00e9 de cada um de n\u00f3s.<\/p>\n<p>E s\u00f3 para relembrar, na Constitui\u00e7\u00e3o da Rep\u00fablica Federativa do Brasil, a lei m\u00e1xima do nosso pa\u00eds, est\u00e1 escrito, logo no in\u00edcio:<\/p>\n<p style=\"text-align: center;\"><strong><em>T\u00cdTULO I<br \/>\nDos Princ\u00edpios Fundamentais<\/em><\/strong><\/p>\n<p><em>Par\u00e1grafo \u00fanico. Todo o poder emana do povo, que o exerce por meio de representantes eleitos ou <strong>diretamente<\/strong>, nos termos desta Constitui\u00e7\u00e3o.<\/em><\/p>\n<p>Percebem? <strong>DIRETAMENTE<\/strong>!<\/p>\n<p>\u00c9 esta a prosa que vamos ter aqui nesta coluna, abordando pol\u00edtica, sociedade, cidadania, democracia e outros assuntos que, por vezes, acabam ficando esquecidos e, quando acontece isto, tenha certeza, os que est\u00e3o l\u00e1 nos representando acabam se beneficiando destes nossos esquecimentos.<\/p>\n<p>Forte Abra\u00e7o!<\/p>\n","protected":false},"excerpt":{"rendered":"<p>O termo pol\u00edtica nos remete \u00e0 antiga Gr\u00e9cia e tem sua origem na palavra grega polit\u00e9ia, diretamente relacionada \u00e0 p\u00f3lis, ou cidade-Estado. Logo, polit\u00e9ia poderia significar tanto cidade-Estado quanto sociedade, comunidade, coletividade e outras defini\u00e7\u00f5es referentes ao coletivo e \u00e0 vida em sociedade. Nas ci\u00eancias sociais, mais especificamente em sociologia, uma sociedade &#8211; do latim: [&hellip;]<\/p>\n","protected":false},"author":1,"featured_media":23197,"comment_status":"open","ping_status":"closed","sticky":false,"template":"","format":"standard","meta":{"amp_status":"","footnotes":""},"categories":[4927],"tags":[7871],"class_list":["post-29949","post","type-post","status-publish","format-standard","has-post-thumbnail","hentry","category-colunistas","tag-todos-nos-somos-politicos"],"_links":{"self":[{"href":"https:\/\/aconteceunovale.com.br\/portal\/index.php?rest_route=\/wp\/v2\/posts\/29949","targetHints":{"allow":["GET"]}}],"collection":[{"href":"https:\/\/aconteceunovale.com.br\/portal\/index.php?rest_route=\/wp\/v2\/posts"}],"about":[{"href":"https:\/\/aconteceunovale.com.br\/portal\/index.php?rest_route=\/wp\/v2\/types\/post"}],"author":[{"embeddable":true,"href":"https:\/\/aconteceunovale.com.br\/portal\/index.php?rest_route=\/wp\/v2\/users\/1"}],"replies":[{"embeddable":true,"href":"https:\/\/aconteceunovale.com.br\/portal\/index.php?rest_route=%2Fwp%2Fv2%2Fcomments&post=29949"}],"version-history":[{"count":0,"href":"https:\/\/aconteceunovale.com.br\/portal\/index.php?rest_route=\/wp\/v2\/posts\/29949\/revisions"}],"wp:featuredmedia":[{"embeddable":true,"href":"https:\/\/aconteceunovale.com.br\/portal\/index.php?rest_route=\/wp\/v2\/media\/23197"}],"wp:attachment":[{"href":"https:\/\/aconteceunovale.com.br\/portal\/index.php?rest_route=%2Fwp%2Fv2%2Fmedia&parent=29949"}],"wp:term":[{"taxonomy":"category","embeddable":true,"href":"https:\/\/aconteceunovale.com.br\/portal\/index.php?rest_route=%2Fwp%2Fv2%2Fcategories&post=29949"},{"taxonomy":"post_tag","embeddable":true,"href":"https:\/\/aconteceunovale.com.br\/portal\/index.php?rest_route=%2Fwp%2Fv2%2Ftags&post=29949"}],"curies":[{"name":"wp","href":"https:\/\/api.w.org\/{rel}","templated":true}]}}