{"id":29939,"date":"2014-05-23T12:57:16","date_gmt":"2014-05-23T15:57:16","guid":{"rendered":"http:\/\/aconteceunovale.com.br\/portal\/?p=29939"},"modified":"2014-05-23T12:57:16","modified_gmt":"2014-05-23T15:57:16","slug":"marli-andrade-quem-se-valoriza-valoriza-o-potencial-do-outro-e-juntos-crescem-sendo-admirados","status":"publish","type":"post","link":"https:\/\/aconteceunovale.com.br\/portal\/?p=29939","title":{"rendered":"Marli Andrade &#8211; Quem se valoriza, valoriza o potencial do outro e juntos, crescem sendo admirados"},"content":{"rendered":"<p>Inevitavelmente, de uma forma muito agrad\u00e1vel, uma Psicanalista vai visualizando os lugares e o reflexo das a\u00e7\u00f5es de seu povo. E, numa \u00f3tica Psicanal\u00edtica, atrelada \u00e0 Psicologia Social em que estudamos o ser humano, a sua intera\u00e7\u00e3o e o resultado dela, quando tenho oportunidade de encontrar munic\u00edpios em que percebo o fortalecimento das parcerias, o sentimento de gratid\u00e3o, o desejo de ampliar vis\u00e3o sobre um tema e, sobretudo, a valoriza\u00e7\u00e3o dos filhos daquela terra e da pr\u00f3pria terra, me sinto esperan\u00e7osa de que outros munic\u00edpios possam se espelharem nestas, serem tamb\u00e9m admirados e poderem ter o prazer do crescimento e desenvolvimento, o que garante a melhoria da qualidade de vida de todos. <\/p>\n<p>Me refiro \u00e0 passagem por Sabin\u00f3polis, uma linda e aconchegante cidade do interior de Minas Gerais, onde fui recebida pela equipe da \u201cTV em foco Sabin\u00f3polis\u201d que foi logo tratando de destacar os principais nomes da cidade que fazem sucesso nas \u00e1reas da Educa\u00e7\u00e3o, Esportes, Cultura, dentre outros, tanto de quem ainda permanece no munic\u00edpio, quanto daqueles que est\u00e3o na m\u00eddia ou atuam noutros lugares, elevando o nome da cidade.<\/p>\n<p>De igual forma fomos recebidos no Hotel S\u00e3o Joaquim onde fomos tratados pelo pr\u00f3prio nome em todas os di\u00e1logos, deixando-nos com a sensa\u00e7\u00e3o de estarmos em casa, acolhidos e amados. <\/p>\n<p>A aten\u00e7\u00e3o dispensada por todos do Restaurante Carro de Boi em que bandeiras do Cruzeiro e Atl\u00e9tico est\u00e3o expostas e em dia de jogos os amigos se juntam para uma divers\u00e3o saud\u00e1vel; al\u00e9m dos sorrisos nos rostos dos transeuntes; as pra\u00e7as, os casar\u00f5es conservados, as ruas limpas e diversos outros atributos, foram passando aquela imagem que, se h\u00e1 problemas naquela cidade, todos contribuem para que sejam amenizados e a aus\u00eancia de reclama\u00e7\u00f5es intensas e sem serem apontados como evid\u00eancia, refor\u00e7a o entendimento de que a energia positiva daquele povo \u00e9 capaz de superar as adversidade que por acaso existam ou ocorram. <\/p>\n<p>Em apenas um dia, tive contanto com diversas institui\u00e7\u00f5es e, pela energia t\u00e3o positiva de todos, nem mesmo o cansa\u00e7o f\u00edsico apareceu.<\/p>\n<p>Com o intuito de realizar o lan\u00e7amento do livro <strong>Primeiro voc\u00ea sonha, depois voc\u00ea dorme<\/strong>, primeiramente estive no Centro Educacional P\u00e9s no Ch\u00e3o, no primeiro momento com alunos e educadores, mais tarde com familiares, equipe de trabalho e convidados, em que tive a grata satisfa\u00e7\u00e3o de conhecer uma institui\u00e7\u00e3o escolar que estimula o desenvolvimento do ser humano, numa vis\u00e3o t\u00e3o ampla, que fiquei deveras encantada. <\/p>\n<p>J\u00e1 no momento em que estive na E.E. Monsenhor Jos\u00e9 Amantino dos Santos, para se ter uma ideia, falei para centenas de adolescentes por duas horas e obtive aten\u00e7\u00e3o, concentra\u00e7\u00e3o e sorrisos; o que nesta fase, neste s\u00e9culo \u00e9 quase imposs\u00edvel encontrar.<\/p>\n<p>No Col\u00e9gio Atual \u2013 Sistema Bernoulli, o contato com alunos do Ensino M\u00e9dio foi igualmente revigorante. <\/p>\n<p>A passagem na Biblioteca Municipal, em que numa vitrine com livros publicados por filhos da cidade e regi\u00e3o s\u00e3o expostos sob a frase <strong>\u201cA hist\u00f3ria de Sabin\u00f3polis come\u00e7a com seus poetas\u201d<\/strong>, emocionou-me de tal forma que estar apenas alguns minutos naquele ambiente, ainda mais com uma homenagem maravilhosa com meu nome parabenizando-me por ter transformado em talento os dons que Deus me deu, me proporcionou tanta energia que confesso, precisei respirar fundo diante de tanto carinho, para poder trocar umas ideias com as crian\u00e7as do Programa Minas Ol\u00edmpica que me contaram de seus sonhos e eu os dizia: <em>\u201csonhem, sonhem antes de irem para a cama dormir e um dia eles se realizar\u00e3o, e, certamente, sentir\u00e3o gratid\u00e3o pela vida e pela cidade quando ela demonstrar todo o orgulho por voc\u00eas\u201d, diferentemente do que acontece em muitos outros munic\u00edpios. <\/em><\/p>\n<p>Bom, finalizamos a noite com o contato na IESMIG com alunos dos cursos de Inform\u00e1tica e Contabilidade que, em sua maioria, trabalham de dia e estudam \u00e0 noite e, pasmem: sorrisos no rosto e debate rico. Sinceramente, amei o povo e entendi porque a energia positiva paira na cidade.<\/p>\n<p>Uma cidade composta por pessoas emocionalmente equilibradas, cientes de seus valores e potencialidades, abertas ao debate com objetivo de acrescentar conhecimento e que, sobretudo, valorizam o potencial de outros, certamente crescem juntos e ser\u00e3o admirados, como Sabin\u00f3polis tem minha admira\u00e7\u00e3o e carinho. <\/p>\n","protected":false},"excerpt":{"rendered":"<p>Inevitavelmente, de uma forma muito agrad\u00e1vel, uma Psicanalista vai visualizando os lugares e o reflexo das a\u00e7\u00f5es de seu povo. E, numa \u00f3tica Psicanal\u00edtica, atrelada \u00e0 Psicologia Social em que estudamos o ser humano, a sua intera\u00e7\u00e3o e o resultado dela, quando tenho oportunidade de encontrar munic\u00edpios em que percebo o fortalecimento das parcerias, o [&hellip;]<\/p>\n","protected":false},"author":1,"featured_media":22915,"comment_status":"open","ping_status":"closed","sticky":false,"template":"","format":"standard","meta":{"amp_status":"","footnotes":""},"categories":[4927],"tags":[634],"class_list":["post-29939","post","type-post","status-publish","format-standard","has-post-thumbnail","hentry","category-colunistas","tag-marli-andrade"],"_links":{"self":[{"href":"https:\/\/aconteceunovale.com.br\/portal\/index.php?rest_route=\/wp\/v2\/posts\/29939","targetHints":{"allow":["GET"]}}],"collection":[{"href":"https:\/\/aconteceunovale.com.br\/portal\/index.php?rest_route=\/wp\/v2\/posts"}],"about":[{"href":"https:\/\/aconteceunovale.com.br\/portal\/index.php?rest_route=\/wp\/v2\/types\/post"}],"author":[{"embeddable":true,"href":"https:\/\/aconteceunovale.com.br\/portal\/index.php?rest_route=\/wp\/v2\/users\/1"}],"replies":[{"embeddable":true,"href":"https:\/\/aconteceunovale.com.br\/portal\/index.php?rest_route=%2Fwp%2Fv2%2Fcomments&post=29939"}],"version-history":[{"count":0,"href":"https:\/\/aconteceunovale.com.br\/portal\/index.php?rest_route=\/wp\/v2\/posts\/29939\/revisions"}],"wp:featuredmedia":[{"embeddable":true,"href":"https:\/\/aconteceunovale.com.br\/portal\/index.php?rest_route=\/wp\/v2\/media\/22915"}],"wp:attachment":[{"href":"https:\/\/aconteceunovale.com.br\/portal\/index.php?rest_route=%2Fwp%2Fv2%2Fmedia&parent=29939"}],"wp:term":[{"taxonomy":"category","embeddable":true,"href":"https:\/\/aconteceunovale.com.br\/portal\/index.php?rest_route=%2Fwp%2Fv2%2Fcategories&post=29939"},{"taxonomy":"post_tag","embeddable":true,"href":"https:\/\/aconteceunovale.com.br\/portal\/index.php?rest_route=%2Fwp%2Fv2%2Ftags&post=29939"}],"curies":[{"name":"wp","href":"https:\/\/api.w.org\/{rel}","templated":true}]}}