{"id":29923,"date":"2014-05-23T12:43:11","date_gmt":"2014-05-23T15:43:11","guid":{"rendered":"http:\/\/aconteceunovale.com.br\/portal\/?p=29923"},"modified":"2014-05-23T12:43:11","modified_gmt":"2014-05-23T15:43:11","slug":"amana-maris-ribeiro-greco-as-pessoas-que-sabem-quem-sao-e-o-que-querem-na-vida-sao-bem-mais-dificeis-de-escravizar","status":"publish","type":"post","link":"https:\/\/aconteceunovale.com.br\/portal\/?p=29923","title":{"rendered":"Amana Maris Ribeiro Greco &#8211; As pessoas que sabem quem s\u00e3o e o que querem na vida s\u00e3o bem mais dif\u00edceis de escravizar"},"content":{"rendered":"<p>Li o t\u00edtulo deste artigo em um post no Facebook essa semana, que teve muito em comum com outro texto que li para um trabalho que fiz. Textos bastante interessantes que inspirou a escrever sobre algo que na atualidade tem impacto no momento em que poder\u00edamos ser mais produtivos na vida: na juventude. <\/p>\n<p>J\u00e1 parou para pensar em como voc\u00ea \u00e9 ocupado? Como as coisas aconteceram para que voc\u00ea chegasse a este ponto? N\u00e3o tem ideia, n\u00e9?<\/p>\n<p>Basicamente, grande parte dos brasileiros assalariados aprende que s\u00e3o oito horas para trabalhar, oito horas para dormir e oito horas de tempo livre. Na pr\u00e1tica, as coisas n\u00e3o acontecem bem assim. As oito horas n\u00e3o s\u00e3o contadas a partir do momento em que voc\u00ea levanta cedo para trabalhar, lava o rosto e engole alguma coisa. N\u00e3o \u00e9 levado em considera\u00e7\u00e3o o tempo de deslocamento que em grandes centros urbanos pode chegar at\u00e9 duas horas em um tr\u00e2nsito ca\u00f3tico e quem sabe dentro de um \u00f4nibus que j\u00e1 superou o limite de pessoas a ser transportadas. Sendo assim, voc\u00ea acaba por dormir umas seis horas, trabalhar exaustivamente e n\u00e3o consegue sequer se recuperar deste cansa\u00e7o para aproveitar seu tempo livre. <\/p>\n<p>Mas por que as coisas acontecem desse jeito? Para ler um livro que est\u00e1 encostado na estante, para praticar uma posi\u00e7\u00e3o do kamasutra com o marido, vislumbrar a natureza e desfrutar da companhia das pessoas \u00e0 nossa volta em um bom bate-papo, necessita-se ter tempo livre&#8230; Tempo livre \u00e9 o que permite a criatividade e a genialidade aflorar, \u00e9 o que define o andamento da sa\u00fade e o que voc\u00ea vai fazer nos pr\u00f3ximos anos, ou quais ser\u00e3o seus projetos e expectativas para o futuro e eventualmente definir\u00e1 sua qualidade de vida. Tempo livre \u00e9 t\u00e3o importante e por que s\u00f3 nos vemos ocupados com coisas muito menos decisivas e relevantes na vida? Como voc\u00ea vai ser capaz de desenvolver um projeto pessoal se voc\u00ea n\u00e3o tem tempo livre para simplesmente sonhar em algo que possa chegar a ser um projeto? <\/p>\n<p>Quando n\u00e3o estamos trabalhando para algu\u00e9m e alimentando o ciclo capitalista e competitivo no qual vivemos e pouco beneficia aos que est\u00e3o na base da pir\u00e2mide social (ou seja, a maioria de n\u00f3s!) deveria estar investindo esfor\u00e7os em um projeto pessoal! Ser\u00e1 que temos estes projetos? Se n\u00e3o, por qu\u00ea? Quem est\u00e1 ganhando com a nossa ocupa\u00e7\u00e3o? Por que acabamos por nos tornar uma gera\u00e7\u00e3o t\u00e3o ativista, que na verdade pouco sabe sobre aquilo em que est\u00e1 empenhada ativamente? Desenvolvemos uma personalidade ativista, que pouco sabe sobre aproveitar o tempo livre e prioriz\u00e1-lo a ponto de desenvolver criativamente o que realmente amamos fazer e que provavelmente nos trar\u00e1 satisfa\u00e7\u00e3o, benef\u00edcios comunit\u00e1rios e eventualmente, prazer na vida. Haveria como interromper isso e salvar o futuro dessa jovem gera\u00e7\u00e3o em apuros?<\/p>\n","protected":false},"excerpt":{"rendered":"<p>Li o t\u00edtulo deste artigo em um post no Facebook essa semana, que teve muito em comum com outro texto que li para um trabalho que fiz. Textos bastante interessantes que inspirou a escrever sobre algo que na atualidade tem impacto no momento em que poder\u00edamos ser mais produtivos na vida: na juventude. J\u00e1 parou [&hellip;]<\/p>\n","protected":false},"author":1,"featured_media":29138,"comment_status":"open","ping_status":"closed","sticky":false,"template":"","format":"standard","meta":{"amp_status":"","footnotes":""},"categories":[4927],"tags":[7859],"class_list":["post-29923","post","type-post","status-publish","format-standard","has-post-thumbnail","hentry","category-colunistas","tag-as-pessoas-que-sabem-quem-sao-e-o-que-querem-na-vida-sao-bem-mais-dificeis-de-escravizar"],"_links":{"self":[{"href":"https:\/\/aconteceunovale.com.br\/portal\/index.php?rest_route=\/wp\/v2\/posts\/29923","targetHints":{"allow":["GET"]}}],"collection":[{"href":"https:\/\/aconteceunovale.com.br\/portal\/index.php?rest_route=\/wp\/v2\/posts"}],"about":[{"href":"https:\/\/aconteceunovale.com.br\/portal\/index.php?rest_route=\/wp\/v2\/types\/post"}],"author":[{"embeddable":true,"href":"https:\/\/aconteceunovale.com.br\/portal\/index.php?rest_route=\/wp\/v2\/users\/1"}],"replies":[{"embeddable":true,"href":"https:\/\/aconteceunovale.com.br\/portal\/index.php?rest_route=%2Fwp%2Fv2%2Fcomments&post=29923"}],"version-history":[{"count":0,"href":"https:\/\/aconteceunovale.com.br\/portal\/index.php?rest_route=\/wp\/v2\/posts\/29923\/revisions"}],"wp:featuredmedia":[{"embeddable":true,"href":"https:\/\/aconteceunovale.com.br\/portal\/index.php?rest_route=\/wp\/v2\/media\/29138"}],"wp:attachment":[{"href":"https:\/\/aconteceunovale.com.br\/portal\/index.php?rest_route=%2Fwp%2Fv2%2Fmedia&parent=29923"}],"wp:term":[{"taxonomy":"category","embeddable":true,"href":"https:\/\/aconteceunovale.com.br\/portal\/index.php?rest_route=%2Fwp%2Fv2%2Fcategories&post=29923"},{"taxonomy":"post_tag","embeddable":true,"href":"https:\/\/aconteceunovale.com.br\/portal\/index.php?rest_route=%2Fwp%2Fv2%2Ftags&post=29923"}],"curies":[{"name":"wp","href":"https:\/\/api.w.org\/{rel}","templated":true}]}}