{"id":29898,"date":"2014-05-23T12:11:42","date_gmt":"2014-05-23T15:11:42","guid":{"rendered":"http:\/\/aconteceunovale.com.br\/portal\/?p=29898"},"modified":"2014-05-23T12:14:40","modified_gmt":"2014-05-23T15:14:40","slug":"cuidado-que-a-onda-te-pega","status":"publish","type":"post","link":"https:\/\/aconteceunovale.com.br\/portal\/?p=29898","title":{"rendered":"Rosilene \u00c1vila &#8211; Cuidado, que a onda te pega!"},"content":{"rendered":"<p style=\"text-align: center;\"><em><strong>Eu estava dormindo e me acordaram<br \/>\nE me encontrei, assim, num mundo estranho e louco&#8230;<br \/>\nE quando eu come\u00e7ava a compreend\u00ea-lo<br \/>\nUm pouco,<br \/>\nJ\u00e1 eram horas de dormir de novo!<\/strong><\/em> (Mario Quintana)<\/p>\n<p>Com este poema do meu querido M\u00e1rio Quintana, come\u00e7o por dizer que s\u00f3 agora estou entrando na fase de compreender um pouco do mundo. E digo isso n\u00e3o pela minha \u201ctenra idade\u201d (quem deras fosse), mas pela complexidade de se entender um mundo onde \u201cnormais constroem bombas at\u00f4micas\u201d, e os que n\u00e3o seguem as regras dos normais, s\u00e3o considerados loucos.<\/p>\n<p>Embora durante toda a minha vida, meu subconsciente j\u00e1 me alertasse que este era um assunto s\u00e9rio, a minha consci\u00eancia sobre a causa dos \u201cloucos\u201d s\u00f3 veio \u00e0 tona quando em 2013 fui  impactada pela obra da jornalista Daniela Arbex*, \u201cHolocausto Brasileiro\u201d. O livro conta a hist\u00f3ria ver\u00eddica do Hospital Col\u00f4nia de Barbacena \u2013 MG, onde nas d\u00e9cadas de 70 e 80, foram mortas aproximadamente 60.000 (sessenta mil) pessoas de diversas naturalidades. Os \u201cpacientes\u201d eram levados para o maior hosp\u00edcio do Brasil em trens que descarregavam suas \u201ccargas\u201d nos fundos da institui\u00e7\u00e3o. Da\u00ed a express\u00e3o \u201ctrem de doido\u201d. O livro \u00e9 resultado de uma investiga\u00e7\u00e3o cuidadosa e conta com testemunhos de ex-funcion\u00e1rios e sobreviventes de uma verdadeira hist\u00f3ria de terror avalizada pelo governo, pelas fam\u00edlias e pela sociedade em geral. Cerca de 70% das pessoas que foram levadas para o hospital n\u00e3o tinham nenhum dist\u00farbio mental. Eram os que \u201cn\u00e3o se adequavam\u201d: ladr\u00f5es, prostitutas, homossexuais, meninas que perdiam a virgindade antes do casamento, esposas trocadas para que se calassem, jovens t\u00edmidos, crian\u00e7as tristes&#8230; Para os que realmente necessitavam de tratamento psiqui\u00e1trico, a situa\u00e7\u00e3o de abandono e maus tratos s\u00f3 agravava o problema, levando milhares \u00e0 morte. E a morte era um bom neg\u00f3cio, uma vez que o com\u00e9rcio de corpos e \u00f3rg\u00e3os para faculdades de medicina tamb\u00e9m existia no local. <\/p>\n<p><img decoding=\"async\" src=\"http:\/\/aconteceunovale.com.br\/portal\/wp-content\/uploads\/2014\/03\/holocausto_brasileiro_1.jpg\" alt=\"\" \/><em>(Imagem reprodu\u00e7\u00e3o do Livro Holocausto Brasileiro)<\/em><br \/>\n<\/br><\/p>\n<p>Pois bem, ap\u00f3s entrar em contato com a hist\u00f3ria desse genoc\u00eddio que aconteceu no meu pa\u00eds, no meu estado, na minha \u00e9poca, n\u00e3o poderia ficar impass\u00edvel e fingir que tudo corre naturalmente no reino dos humanos. O meu primeiro pensamento foi: <em>\u201cGente, mas isto foi outro dia mesmo! Como \u00e9 poss\u00edvel? Ent\u00e3o quer dizer que n\u00e3o aprendemos nada? N\u00e3o evolu\u00edmos nada?\u201d<\/em> Ap\u00f3s os primeiros momentos de incredulidade, pus-me a refletir o quanto isso acontece cotidianamente sem nos darmos conta do nosso distanciamento da natureza humana. Diferimos das outras cria\u00e7\u00f5es pelo fato de sermos capazes de pensar. E pensando, agimos de maneira destrutiva como nenhum outro animal na terra.<\/p>\n<p>Enquanto seres humanos, pensantes, somos capazes de ferir os nossos semelhantes de diversas maneiras, destruir aquilo de que dependemos para viver, ajuntar coisas, at\u00e9 n\u00e3o podermos mais guardar&#8230; dentre tantas outras insanidades. E a maior de todas as loucuras \u00e9 querer que todos sejam assim.<\/p>\n<p>Continuemos nossa reflex\u00e3o partindo dos nossos paradigmas. O que \u00e9 \u201cnormal\u201d na sociedade em que vivemos? Essa \u201cnormalidade\u201d est\u00e1 de acordo com os nossos valores individuais?<\/p>\n<p>Quantas vezes nos deixamos levar pela \u201conda insana\u201d e nos comportamos como animais irracionais? Por exemplo, at\u00e9 onde \u00e9 normal um bando de gente se juntar para apedrejar, torturar, arrastar, matar&#8230;? Isso j\u00e1 acontecia h\u00e1 mais de 2000 anos atr\u00e1s e algu\u00e9m de sabedoria infinita veio alertar de que n\u00e3o estava certo. Est\u00e1 al\u00e9m da religi\u00e3o. \u00c9 irracional, \u00e9 imoral, \u00e9 autodestrutivo. <\/p>\n<p>\u00c9 preciso dar uma parada para respirar antes de concordar e seguir os \u201cnormais\u201d. Vamos contar at\u00e9 vinte, at\u00e9 mil se for preciso, mas podemos pensar por n\u00f3s mesmos.   <\/p>\n<p>Se os normais n\u00e3o levam em considera\u00e7\u00e3o a conserva\u00e7\u00e3o da vida humana, a conviv\u00eancia harmoniosa, a preserva\u00e7\u00e3o do planeta, a uni\u00e3o entre os povos, a igualdade entre as pessoas, sinto dizer que o futuro da humanidade depende dos loucos.<\/p>\n<p>Por sermos seres racionais, temos o que ningu\u00e9m pode tirar de n\u00f3s: a capacidade de decidir sobre que tipo de humano queremos ser. E digo a voc\u00eas que pelo andar da carruagem, entre normais e loucos, eu prefiro ser \u00e9 louca.<\/p>\n<p><img decoding=\"async\" src=\"http:\/\/aconteceunovale.com.br\/portal\/wp-content\/uploads\/2014\/03\/holocausto_brasileiro_2.jpg\" alt=\"\" \/><em>(Imagem reprodu\u00e7\u00e3o do Livro Holocausto Brasileiro)<\/em><br \/>\n<\/br><\/p>\n<p><img decoding=\"async\" src=\"http:\/\/aconteceunovale.com.br\/portal\/wp-content\/uploads\/2014\/03\/holocausto_brasileiro_3.jpg\" alt=\"\" \/><em>(Imagem reprodu\u00e7\u00e3o do Livro Holocausto Brasileiro)<\/em><br \/>\n<\/br><\/p>\n<p><img decoding=\"async\" src=\"http:\/\/aconteceunovale.com.br\/portal\/wp-content\/uploads\/2014\/03\/holocausto_brasileiro_4.jpg\" alt=\"\" \/><em>(Imagem reprodu\u00e7\u00e3o do Livro Holocausto Brasileiro)<\/em><br \/>\n<\/br><\/p>\n<p style=\"text-align: center;\"><strong>18 de Maio \u2013 Dia da luta antimanicomial<\/strong><\/p>\n<h6><em>*Daniela Arbex &#8211; Rep\u00f3rter do jornal Tribuna de Minas (MG), venceu o Pr\u00eamio Esso de Jornalismo em 2000, 2002 e 2012, o pr\u00eamio Elo\u00edsio Furtado por cinco vezes, al\u00e9m de men\u00e7\u00f5es honrosas no Vladimir Herzog e no Lorenzo Natali.<\/em><\/h6>\n","protected":false},"excerpt":{"rendered":"<p>Eu estava dormindo e me acordaram E me encontrei, assim, num mundo estranho e louco&#8230; E quando eu come\u00e7ava a compreend\u00ea-lo Um pouco, J\u00e1 eram horas de dormir de novo! (Mario Quintana) Com este poema do meu querido M\u00e1rio Quintana, come\u00e7o por dizer que s\u00f3 agora estou entrando na fase de compreender um pouco do [&hellip;]<\/p>\n","protected":false},"author":1,"featured_media":29892,"comment_status":"open","ping_status":"closed","sticky":false,"template":"","format":"standard","meta":{"amp_status":"","footnotes":""},"categories":[4927],"tags":[7853,7851,7852],"class_list":["post-29898","post","type-post","status-publish","format-standard","has-post-thumbnail","hentry","category-colunistas","tag-dia-da-luta-antimanicomial","tag-holocausto-brasileiro","tag-livro-holocausto-brasileiro"],"_links":{"self":[{"href":"https:\/\/aconteceunovale.com.br\/portal\/index.php?rest_route=\/wp\/v2\/posts\/29898","targetHints":{"allow":["GET"]}}],"collection":[{"href":"https:\/\/aconteceunovale.com.br\/portal\/index.php?rest_route=\/wp\/v2\/posts"}],"about":[{"href":"https:\/\/aconteceunovale.com.br\/portal\/index.php?rest_route=\/wp\/v2\/types\/post"}],"author":[{"embeddable":true,"href":"https:\/\/aconteceunovale.com.br\/portal\/index.php?rest_route=\/wp\/v2\/users\/1"}],"replies":[{"embeddable":true,"href":"https:\/\/aconteceunovale.com.br\/portal\/index.php?rest_route=%2Fwp%2Fv2%2Fcomments&post=29898"}],"version-history":[{"count":0,"href":"https:\/\/aconteceunovale.com.br\/portal\/index.php?rest_route=\/wp\/v2\/posts\/29898\/revisions"}],"wp:featuredmedia":[{"embeddable":true,"href":"https:\/\/aconteceunovale.com.br\/portal\/index.php?rest_route=\/wp\/v2\/media\/29892"}],"wp:attachment":[{"href":"https:\/\/aconteceunovale.com.br\/portal\/index.php?rest_route=%2Fwp%2Fv2%2Fmedia&parent=29898"}],"wp:term":[{"taxonomy":"category","embeddable":true,"href":"https:\/\/aconteceunovale.com.br\/portal\/index.php?rest_route=%2Fwp%2Fv2%2Fcategories&post=29898"},{"taxonomy":"post_tag","embeddable":true,"href":"https:\/\/aconteceunovale.com.br\/portal\/index.php?rest_route=%2Fwp%2Fv2%2Ftags&post=29898"}],"curies":[{"name":"wp","href":"https:\/\/api.w.org\/{rel}","templated":true}]}}