{"id":29749,"date":"2014-05-21T11:56:39","date_gmt":"2014-05-21T14:56:39","guid":{"rendered":"http:\/\/aconteceunovale.com.br\/portal\/?p=29749"},"modified":"2014-05-21T12:16:03","modified_gmt":"2014-05-21T15:16:03","slug":"policiais-civis-param-nesta-quarta-em-minas-por-mais-seguranca","status":"publish","type":"post","link":"https:\/\/aconteceunovale.com.br\/portal\/?p=29749","title":{"rendered":"Policiais civis de Minas param nesta quarta por mais seguran\u00e7a"},"content":{"rendered":"<p>Em prol de uma pol\u00edtica nacional de seguran\u00e7a p\u00fablica, policiais civis resolveram cruzar os bra\u00e7os e realizam nesta quarta-feira (21) uma paralisa\u00e7\u00e3o em 13 estados. Durante o ato, que tem dura\u00e7\u00e3o de 24 horas, as delegacias mineiras devem manter 30% dos atendimentos. Servi\u00e7os emergenciais como demandas relacionadas \u00e0 Lei Maria da Penha e ao acionamento de rabec\u00e3o n\u00e3o ser\u00e3o afetados.<\/p>\n<p>O Sindicato dos Servidores da Pol\u00edcia Civil do Estado de Minas Gerais (Sindpol-MG) ainda n\u00e3o tem estimativa de ades\u00e3o da categoria, que conta com cerca de 10 mil policiais em todo o Estado.<\/p>\n<p><img decoding=\"async\" src=\"http:\/\/aconteceunovale.com.br\/portal\/wp-content\/uploads\/2014\/05\/paralisacao_pc_mg_21_05.jpg\" alt=\"\" \/><em>(Foto: Uarlen Val\u00e9rio \/ O Tempo)<\/em><br \/>\n<\/br><\/p>\n<p><strong>Assembleia Geral na Pra\u00e7a 7<\/strong><\/p>\n<p>Uma assembleia geral ser\u00e1 realizada \u00e0s 10h na sede do sindicato e depois est\u00e1 previsto um ato na Pra\u00e7a 7, no Centro de BH. No local, os policiais pretendem queimar caix\u00f5es e enxugar gelo em protesto \u00e0 atual situa\u00e7\u00e3o da seguran\u00e7a p\u00fablica.<\/p>\n<p>O movimento faz parte da paralisa\u00e7\u00e3o nacional proposta pela Confedera\u00e7\u00e3o Brasileira de Trabalhadores Policiais Civis (Cobrapol). Entre as reivindica\u00e7\u00f5es, est\u00e1 a an\u00e1lise de dois projetos de emenda \u00e0 Constitui\u00e7\u00e3o. A PEC 51 prev\u00ea a desmilitariza\u00e7\u00e3o da pol\u00edcia e a PEC 54 estabelece crit\u00e9rios para a corre\u00e7\u00e3o da aposentadoria especial dos servidores p\u00fablicos.<\/p>\n<p>Em nota, a Pol\u00edcia Civil de Minas informou que \u201cdefende altera\u00e7\u00f5es legais que contribuam para a redu\u00e7\u00e3o da criminalidade, mas espera que os policiais civis n\u00e3o percam de vista a necessidade de garantir ao cidad\u00e3o um trabalho efetivo em favor da seguran\u00e7a p\u00fablica\u201d. <strong>(Hoje em Dia)<\/strong><\/p>\n","protected":false},"excerpt":{"rendered":"<p>Em prol de uma pol\u00edtica nacional de seguran\u00e7a p\u00fablica, policiais civis resolveram cruzar os bra\u00e7os e realizam nesta quarta-feira (21) uma paralisa\u00e7\u00e3o em 13 estados. Durante o ato, que tem dura\u00e7\u00e3o de 24 horas, as delegacias mineiras devem manter 30% dos atendimentos. Servi\u00e7os emergenciais como demandas relacionadas \u00e0 Lei Maria da Penha e ao acionamento [&hellip;]<\/p>\n","protected":false},"author":1,"featured_media":29757,"comment_status":"open","ping_status":"closed","sticky":false,"template":"","format":"standard","meta":{"amp_status":"","footnotes":""},"categories":[6],"tags":[1018,7077,7779,7778],"class_list":["post-29749","post","type-post","status-publish","format-standard","has-post-thumbnail","hentry","category-br","tag-destaque","tag-greve-da-policia-civil","tag-policiais-civis-de-minas-param-nesta-quarta-por-mais-seguranca","tag-policiais-civis-param-nesta-quarta-em-minas-por-mais-seguranca"],"_links":{"self":[{"href":"https:\/\/aconteceunovale.com.br\/portal\/index.php?rest_route=\/wp\/v2\/posts\/29749","targetHints":{"allow":["GET"]}}],"collection":[{"href":"https:\/\/aconteceunovale.com.br\/portal\/index.php?rest_route=\/wp\/v2\/posts"}],"about":[{"href":"https:\/\/aconteceunovale.com.br\/portal\/index.php?rest_route=\/wp\/v2\/types\/post"}],"author":[{"embeddable":true,"href":"https:\/\/aconteceunovale.com.br\/portal\/index.php?rest_route=\/wp\/v2\/users\/1"}],"replies":[{"embeddable":true,"href":"https:\/\/aconteceunovale.com.br\/portal\/index.php?rest_route=%2Fwp%2Fv2%2Fcomments&post=29749"}],"version-history":[{"count":0,"href":"https:\/\/aconteceunovale.com.br\/portal\/index.php?rest_route=\/wp\/v2\/posts\/29749\/revisions"}],"wp:featuredmedia":[{"embeddable":true,"href":"https:\/\/aconteceunovale.com.br\/portal\/index.php?rest_route=\/wp\/v2\/media\/29757"}],"wp:attachment":[{"href":"https:\/\/aconteceunovale.com.br\/portal\/index.php?rest_route=%2Fwp%2Fv2%2Fmedia&parent=29749"}],"wp:term":[{"taxonomy":"category","embeddable":true,"href":"https:\/\/aconteceunovale.com.br\/portal\/index.php?rest_route=%2Fwp%2Fv2%2Fcategories&post=29749"},{"taxonomy":"post_tag","embeddable":true,"href":"https:\/\/aconteceunovale.com.br\/portal\/index.php?rest_route=%2Fwp%2Fv2%2Ftags&post=29749"}],"curies":[{"name":"wp","href":"https:\/\/api.w.org\/{rel}","templated":true}]}}