{"id":29670,"date":"2014-05-20T18:25:53","date_gmt":"2014-05-20T21:25:53","guid":{"rendered":"http:\/\/aconteceunovale.com.br\/portal\/?p=29670"},"modified":"2014-05-20T18:27:34","modified_gmt":"2014-05-20T21:27:34","slug":"vigilancia-sanitaria-passa-pente-fino-no-comercio-em-conceicao-do-mato-dentro","status":"publish","type":"post","link":"https:\/\/aconteceunovale.com.br\/portal\/?p=29670","title":{"rendered":"Vigil\u00e2ncia Sanit\u00e1ria passa pente fino no com\u00e9rcio em Concei\u00e7\u00e3o do Mato Dentro"},"content":{"rendered":"<p>A Prefeitura Municipal de Concei\u00e7\u00e3o do Mato Dentro, por meio do setor de Vigil\u00e2ncia Sanit\u00e1ria, est\u00e1 atualizando os cadastros de todos os estabelecimentos comerciais, bem como cadastrando os que ainda n\u00e3o o possuem, com o intuito de revalidar o processo de vigil\u00e2ncia correta e eficazmente.<\/p>\n<p>Com os dados de todos os comerciantes em dia, ficar\u00e1 mais f\u00e1cil agilizar os tr\u00e2mites das inspe\u00e7\u00f5es sanit\u00e1rias para, posteriormente, se tudo estiver de acordo com as avalia\u00e7\u00f5es, conceder os alvar\u00e1s.<\/p>\n<p>De acordo com as premissas do Estado, oferecer um servi\u00e7o sanit\u00e1rio de qualidade \u00e9 obriga\u00e7\u00e3o do munic\u00edpio, que deve zelar pela sa\u00fade e qualidade de vida de todos. <\/p>\n<p>Em Concei\u00e7\u00e3o do Mato Dentro, a Vigil\u00e2ncia Sanit\u00e1ria \u00e9 considerada um \u00f3rg\u00e3o parceiro da popula\u00e7\u00e3o, que tem por finalidade proteger os cidad\u00e3os dos riscos sanit\u00e1rios. Por isso, tamb\u00e9m \u00e9 um canal de den\u00fancias que podem ser feitas por e-mail ou pessoalmente, garantindo-se a preserva\u00e7\u00e3o do nome e da imagem do denunciante.<\/p>\n<h4><strong>Cadastro<\/strong><\/h4>\n<p>O cadastro pode ser solicitado via e-mail (vigilanciasanitariacmd@gmail.com) ou pessoalmente de segunda a sexta, das 8h \u00e0s 12h e das 13h \u00e0s 17h, no endere\u00e7o: Rua Capit\u00e3o Sincero Costa, 185 \u2013 Bandeirinha.<\/p>\n<p>O n\u00e3o cadastramento\/recadastramento atrasa o processo de inspe\u00e7\u00f5es e, consequentemente, a libera\u00e7\u00e3o do alvar\u00e1 sanit\u00e1rio. A falta de cadastro junto \u00e0 Vigil\u00e2ncia Sanit\u00e1ria pode acarretar em a\u00e7\u00f5es punitivas para os estabelecimentos, podendo gerar notifica\u00e7\u00f5es, multas e at\u00e9 mesmo interdi\u00e7\u00e3o. <\/p>\n<p><strong>(Prefeitura de Concei\u00e7\u00e3o do Mato Dentro \/ Folha de Guanh\u00e3es)<\/strong><\/p>\n","protected":false},"excerpt":{"rendered":"<p>A Prefeitura Municipal de Concei\u00e7\u00e3o do Mato Dentro, por meio do setor de Vigil\u00e2ncia Sanit\u00e1ria, est\u00e1 atualizando os cadastros de todos os estabelecimentos comerciais, bem como cadastrando os que ainda n\u00e3o o possuem, com o intuito de revalidar o processo de vigil\u00e2ncia correta e eficazmente. Com os dados de todos os comerciantes em dia, ficar\u00e1 [&hellip;]<\/p>\n","protected":false},"author":1,"featured_media":28144,"comment_status":"open","ping_status":"closed","sticky":false,"template":"","format":"standard","meta":{"amp_status":"","footnotes":""},"categories":[123],"tags":[628,7751],"class_list":["post-29670","post","type-post","status-publish","format-standard","has-post-thumbnail","hentry","category-gerais","tag-conceicao-do-mato-dentro","tag-vigilancia-sanitaria-passa-pente-fino-no-comercio-em-conceicao-do-mato-dentro"],"_links":{"self":[{"href":"https:\/\/aconteceunovale.com.br\/portal\/index.php?rest_route=\/wp\/v2\/posts\/29670","targetHints":{"allow":["GET"]}}],"collection":[{"href":"https:\/\/aconteceunovale.com.br\/portal\/index.php?rest_route=\/wp\/v2\/posts"}],"about":[{"href":"https:\/\/aconteceunovale.com.br\/portal\/index.php?rest_route=\/wp\/v2\/types\/post"}],"author":[{"embeddable":true,"href":"https:\/\/aconteceunovale.com.br\/portal\/index.php?rest_route=\/wp\/v2\/users\/1"}],"replies":[{"embeddable":true,"href":"https:\/\/aconteceunovale.com.br\/portal\/index.php?rest_route=%2Fwp%2Fv2%2Fcomments&post=29670"}],"version-history":[{"count":0,"href":"https:\/\/aconteceunovale.com.br\/portal\/index.php?rest_route=\/wp\/v2\/posts\/29670\/revisions"}],"wp:featuredmedia":[{"embeddable":true,"href":"https:\/\/aconteceunovale.com.br\/portal\/index.php?rest_route=\/wp\/v2\/media\/28144"}],"wp:attachment":[{"href":"https:\/\/aconteceunovale.com.br\/portal\/index.php?rest_route=%2Fwp%2Fv2%2Fmedia&parent=29670"}],"wp:term":[{"taxonomy":"category","embeddable":true,"href":"https:\/\/aconteceunovale.com.br\/portal\/index.php?rest_route=%2Fwp%2Fv2%2Fcategories&post=29670"},{"taxonomy":"post_tag","embeddable":true,"href":"https:\/\/aconteceunovale.com.br\/portal\/index.php?rest_route=%2Fwp%2Fv2%2Ftags&post=29670"}],"curies":[{"name":"wp","href":"https:\/\/api.w.org\/{rel}","templated":true}]}}