{"id":29661,"date":"2014-05-20T18:17:32","date_gmt":"2014-05-20T21:17:32","guid":{"rendered":"http:\/\/aconteceunovale.com.br\/portal\/?p=29661"},"modified":"2014-05-20T18:17:51","modified_gmt":"2014-05-20T21:17:51","slug":"homem-suspeito-de-assassinato-em-jose-raydan-e-preso-em-na-zona-rural-de-sao-sebastiao-do-maranhao","status":"publish","type":"post","link":"https:\/\/aconteceunovale.com.br\/portal\/?p=29661","title":{"rendered":"Homem suspeito de assassinato em Jos\u00e9 Raydan \u00e9 preso em na zona rural de S\u00e3o Sebasti\u00e3o do Maranh\u00e3o"},"content":{"rendered":"<p>Ap\u00f3s ser suspeito de um homic\u00eddio cometido em 27 de fevereiro deste ano, em Jos\u00e9 Raydan, A.R.R., de 37 anos, fugiu e na \u00faltima semana passou a fazer amea\u00e7as aos familiares da v\u00edtima. A Pol\u00edcia Civil, que j\u00e1 investigava o caso, acabou encontrando o suspeito na zona rural de S\u00e3o Sebasti\u00e3o do Maranh\u00e3o. Ele foi preso na tarde dessa segunda-feira (19), na zona rural de S\u00e3o Sebasti\u00e3o do Maranh\u00e3o.<\/p>\n<p>O delegado respons\u00e1vel, Marcelo Teot\u00f4nio, disse que a motiva\u00e7\u00e3o \u00e9 desconhecida. \u201cEle alegou que tinha rixa com a v\u00edtima Odair Aparecido da Rocha, do qual era primo. Por\u00e9m, a fam\u00edlia e testemunhas que foram ouvidas, dizem n\u00e3o entender o crime, j\u00e1 que n\u00e3o sabiam de nada, que nunca presenciaram uma discuss\u00e3o entre eles\u201d.<\/p>\n<p>O crime aconteceu depois de uma partida de futebol, quando os envolvidos foram beber junto com colegas. O suspeito teria voltado em casa, pegado uma faca, e em seguida, desferido facadas na v\u00edtima, que estava de costas. <\/p>\n<p>Ap\u00f3s o crime, A.R.R., teria se escondido na zona rural da cidade, dias depois se apresentou na delegacia, mas ainda n\u00e3o havia mandado de pris\u00e3o contra ele, foi quando fugiu. O suspeito voltou a aparecer na \u00faltima semana quando esteve em Jos\u00e9 Raydan e tamb\u00e9m em um distrito de S\u00e3o Sebasti\u00e3o do Maranh\u00e3o para amea\u00e7ar familiares da v\u00edtima.<\/p>\n<p>A PC, que j\u00e1 estava a sua procura, o encontrou na tarde dessa segunda-feira (19), na zona rural de S\u00e3o Sebasti\u00e3o do Maranh\u00e3o. Segundo o delegado, o homem confessou o crime e alegou leg\u00edtima defesa. \u201cEle foi indiciado por homic\u00eddio duplamente qualificado mediante a emboscada e motivo f\u00fatil. Agora, ele vai aguardar o julgamento na cadeia de Santa Maria do Sua\u00e7u\u00ed\u201d. <strong>(Folha de Guanh\u00e3es)<\/strong><\/p>\n","protected":false},"excerpt":{"rendered":"<p>Ap\u00f3s ser suspeito de um homic\u00eddio cometido em 27 de fevereiro deste ano, em Jos\u00e9 Raydan, A.R.R., de 37 anos, fugiu e na \u00faltima semana passou a fazer amea\u00e7as aos familiares da v\u00edtima. A Pol\u00edcia Civil, que j\u00e1 investigava o caso, acabou encontrando o suspeito na zona rural de S\u00e3o Sebasti\u00e3o do Maranh\u00e3o. Ele foi [&hellip;]<\/p>\n","protected":false},"author":1,"featured_media":13667,"comment_status":"open","ping_status":"closed","sticky":false,"template":"","format":"standard","meta":{"amp_status":"","footnotes":""},"categories":[121],"tags":[7749,299,240,324],"class_list":["post-29661","post","type-post","status-publish","format-standard","has-post-thumbnail","hentry","category-leste","tag-homem-suspeito-de-assassinato-em-jose-raydan-e-preso-em-na-zona-rural-de-sao-sebastiao-do-maranhao","tag-jose-raydan","tag-santa-maria-do-suacui","tag-sao-sebastiao-do-maranhao"],"_links":{"self":[{"href":"https:\/\/aconteceunovale.com.br\/portal\/index.php?rest_route=\/wp\/v2\/posts\/29661","targetHints":{"allow":["GET"]}}],"collection":[{"href":"https:\/\/aconteceunovale.com.br\/portal\/index.php?rest_route=\/wp\/v2\/posts"}],"about":[{"href":"https:\/\/aconteceunovale.com.br\/portal\/index.php?rest_route=\/wp\/v2\/types\/post"}],"author":[{"embeddable":true,"href":"https:\/\/aconteceunovale.com.br\/portal\/index.php?rest_route=\/wp\/v2\/users\/1"}],"replies":[{"embeddable":true,"href":"https:\/\/aconteceunovale.com.br\/portal\/index.php?rest_route=%2Fwp%2Fv2%2Fcomments&post=29661"}],"version-history":[{"count":0,"href":"https:\/\/aconteceunovale.com.br\/portal\/index.php?rest_route=\/wp\/v2\/posts\/29661\/revisions"}],"wp:featuredmedia":[{"embeddable":true,"href":"https:\/\/aconteceunovale.com.br\/portal\/index.php?rest_route=\/wp\/v2\/media\/13667"}],"wp:attachment":[{"href":"https:\/\/aconteceunovale.com.br\/portal\/index.php?rest_route=%2Fwp%2Fv2%2Fmedia&parent=29661"}],"wp:term":[{"taxonomy":"category","embeddable":true,"href":"https:\/\/aconteceunovale.com.br\/portal\/index.php?rest_route=%2Fwp%2Fv2%2Fcategories&post=29661"},{"taxonomy":"post_tag","embeddable":true,"href":"https:\/\/aconteceunovale.com.br\/portal\/index.php?rest_route=%2Fwp%2Fv2%2Ftags&post=29661"}],"curies":[{"name":"wp","href":"https:\/\/api.w.org\/{rel}","templated":true}]}}