{"id":29655,"date":"2014-05-20T18:05:08","date_gmt":"2014-05-20T21:05:08","guid":{"rendered":"http:\/\/aconteceunovale.com.br\/portal\/?p=29655"},"modified":"2014-05-20T18:05:08","modified_gmt":"2014-05-20T21:05:08","slug":"acidentes-deixam-cinco-feridos-em-governador-valadares","status":"publish","type":"post","link":"https:\/\/aconteceunovale.com.br\/portal\/?p=29655","title":{"rendered":"Acidentes deixam cinco feridos em Governador Valadares"},"content":{"rendered":"<p>Tr\u00eas acidentes deixaram cinco pessoas feridas nesta ter\u00e7a-feira, 20 de maio, em Governador Valadares, no Leste de Minas Gerais.<\/p>\n<p>Na manh\u00e3, um funcion\u00e1rio do Servi\u00e7o Aut\u00f4nomo de \u00c1gua e Esgoto de Governador Valadares (SAAE\/GV) ficou ferido em um acidente em um acidente no cruzamento das ruas Jos\u00e9 de Oliveira Andrade com Jos\u00e9 do Patroc\u00ednio, no Bairro S\u00e3o Pedro. O ve\u00edculo capotou e ficou bastante danificado. O condutor foi socorrido pelo SAMU e encaminhado ao Hospital Municipal. Seu estado de sa\u00fade n\u00e3o foi divulgado.<\/p>\n<p><img decoding=\"async\" src=\"http:\/\/aconteceunovale.com.br\/portal\/wp-content\/uploads\/2014\/05\/acidente_gv_20_05_2.jpg\" alt=\"\" \/><em>(Foto: Marcelina Chiste? \/ Reprodu\u00e7\u00e3o Facebook)<\/em><br \/>\n<\/br><\/p>\n<p><img decoding=\"async\" src=\"http:\/\/aconteceunovale.com.br\/portal\/wp-content\/uploads\/2014\/05\/acidente_gv_20_05_3.jpg\" alt=\"\" \/><em>(Foto: Marcelina Chiste? \/ Reprodu\u00e7\u00e3o Facebook)<\/em><br \/>\n<\/br><\/p>\n<p>Ainda na manh\u00e3, uma colis\u00e3o envolvendo seis ve\u00edculos na Avenida JK deixou tr\u00eas pessoas feridas. De acordo com informa\u00e7\u00f5es um ve\u00edculo Kombi perdeu o freio e bateu contra 4 carros e uma motocicleta. Com o impacto da batida, os dois motociclistas ficaram feridos e um passageiro da Kombi fraturou um dedo do p\u00e9. Eles foram socorridos e encaminhados ao Hospital Municipal. De acordo com uma testemunha, o motorista da Kombi fugiu do local ap\u00f3s o acidente.<\/p>\n<p><img decoding=\"async\" src=\"http:\/\/aconteceunovale.com.br\/portal\/wp-content\/uploads\/2014\/05\/acidente_gv_20_05_4.jpg\" alt=\"\" \/><em>(Foto: Ramires? \/ Caso de Pol\u00edcia)<\/em><br \/>\n<\/br><\/p>\n<p>No cruzamento da Rua Coronel Roberto Soares Ferreira com Rua Juiz de Paz Jos\u00e9 Lemos, no Bairro Vila Bretas, um motociclista ficou ferido. <\/p>\n<p><img decoding=\"async\" src=\"http:\/\/aconteceunovale.com.br\/portal\/wp-content\/uploads\/2014\/05\/acidente_gv_20_05_1.jpg\" alt=\"\" \/><em>(Foto: Creuza Carvalho? \/ Reprodu\u00e7\u00e3o Facebook)<\/em><\/p>\n","protected":false},"excerpt":{"rendered":"<p>Tr\u00eas acidentes deixaram cinco pessoas feridas nesta ter\u00e7a-feira, 20 de maio, em Governador Valadares, no Leste de Minas Gerais. Na manh\u00e3, um funcion\u00e1rio do Servi\u00e7o Aut\u00f4nomo de \u00c1gua e Esgoto de Governador Valadares (SAAE\/GV) ficou ferido em um acidente em um acidente no cruzamento das ruas Jos\u00e9 de Oliveira Andrade com Jos\u00e9 do Patroc\u00ednio, no [&hellip;]<\/p>\n","protected":false},"author":1,"featured_media":29657,"comment_status":"open","ping_status":"closed","sticky":false,"template":"","format":"standard","meta":{"amp_status":"","footnotes":""},"categories":[121],"tags":[7748,247],"class_list":["post-29655","post","type-post","status-publish","format-standard","has-post-thumbnail","hentry","category-leste","tag-acidentes-deixam-cinco-feridos-em-governador-valadares","tag-governador-valadares"],"_links":{"self":[{"href":"https:\/\/aconteceunovale.com.br\/portal\/index.php?rest_route=\/wp\/v2\/posts\/29655","targetHints":{"allow":["GET"]}}],"collection":[{"href":"https:\/\/aconteceunovale.com.br\/portal\/index.php?rest_route=\/wp\/v2\/posts"}],"about":[{"href":"https:\/\/aconteceunovale.com.br\/portal\/index.php?rest_route=\/wp\/v2\/types\/post"}],"author":[{"embeddable":true,"href":"https:\/\/aconteceunovale.com.br\/portal\/index.php?rest_route=\/wp\/v2\/users\/1"}],"replies":[{"embeddable":true,"href":"https:\/\/aconteceunovale.com.br\/portal\/index.php?rest_route=%2Fwp%2Fv2%2Fcomments&post=29655"}],"version-history":[{"count":0,"href":"https:\/\/aconteceunovale.com.br\/portal\/index.php?rest_route=\/wp\/v2\/posts\/29655\/revisions"}],"wp:featuredmedia":[{"embeddable":true,"href":"https:\/\/aconteceunovale.com.br\/portal\/index.php?rest_route=\/wp\/v2\/media\/29657"}],"wp:attachment":[{"href":"https:\/\/aconteceunovale.com.br\/portal\/index.php?rest_route=%2Fwp%2Fv2%2Fmedia&parent=29655"}],"wp:term":[{"taxonomy":"category","embeddable":true,"href":"https:\/\/aconteceunovale.com.br\/portal\/index.php?rest_route=%2Fwp%2Fv2%2Fcategories&post=29655"},{"taxonomy":"post_tag","embeddable":true,"href":"https:\/\/aconteceunovale.com.br\/portal\/index.php?rest_route=%2Fwp%2Fv2%2Ftags&post=29655"}],"curies":[{"name":"wp","href":"https:\/\/api.w.org\/{rel}","templated":true}]}}