{"id":29606,"date":"2014-05-19T22:03:17","date_gmt":"2014-05-20T01:03:17","guid":{"rendered":"http:\/\/aconteceunovale.com.br\/portal\/?p=29606"},"modified":"2014-05-19T22:03:51","modified_gmt":"2014-05-20T01:03:51","slug":"policia-militar-apreende-menor-que-buscava-drogas-na-bahia-para-vender-em-almenara","status":"publish","type":"post","link":"https:\/\/aconteceunovale.com.br\/portal\/?p=29606","title":{"rendered":"Pol\u00edcia Militar apreende menor que buscava drogas na Bahia para vender em Almenara"},"content":{"rendered":"<p>A Pol\u00edcia Militar apreendeu na manh\u00e3 desta segunda-feira (19), em Almenara, no Vale do Jequitinhonha, um adolescente de 17 anos traficando drogas. Com ele, foram apreendidos 25 gramas de crack e uma balan\u00e7a de precis\u00e3o. Ele confessou o tr\u00e1fico e alegou que a droga vinha da Vila Bahia, distrito baiano na divisa com Minas.<\/p>\n<p>De acordo com a PM, o adolescente estava caminhando em dire\u00e7\u00e3o a sua resid\u00eancia, no Bairro Planalto, quando avistou a viatura e jogou em uma casa uma sacola contendo uma balan\u00e7a de precis\u00e3o. Os militares avistaram o menor tentando dispensar o aparelho e abordou-o. Ele confessou estar traficando drogas h\u00e1 mais de 2 anos e levou os militares a onde as drogas estavam escondidas. Foram encontradas 25 gramas de crack, escondidas dentro de um sof\u00e1 na casa do menor. <\/p>\n<p>O adolescente ainda delatou seu parceiro, e afirmou j\u00e1 ter vendido mais da metade da droga que havia sido adquirida por 1,2 mil reais em um distrito da Bahia. <\/p>\n<p>O menor, a balan\u00e7a e a droga foram encaminhados para a Delegacia. O Conselho Tutelar acompanhou o adolescente.<\/p>\n<p><img decoding=\"async\" src=\"http:\/\/aconteceunovale.com.br\/portal\/wp-content\/uploads\/2014\/05\/menor_traficante_almenara.jpg\" alt=\"\" \/><\/p>\n<p><strong>(Via Radar do Vale)<\/strong><\/p>\n","protected":false},"excerpt":{"rendered":"<p>A Pol\u00edcia Militar apreendeu na manh\u00e3 desta segunda-feira (19), em Almenara, no Vale do Jequitinhonha, um adolescente de 17 anos traficando drogas. Com ele, foram apreendidos 25 gramas de crack e uma balan\u00e7a de precis\u00e3o. Ele confessou o tr\u00e1fico e alegou que a droga vinha da Vila Bahia, distrito baiano na divisa com Minas. De [&hellip;]<\/p>\n","protected":false},"author":1,"featured_media":29607,"comment_status":"open","ping_status":"closed","sticky":false,"template":"","format":"standard","meta":{"amp_status":"","footnotes":""},"categories":[120],"tags":[142,7718],"class_list":["post-29606","post","type-post","status-publish","format-standard","has-post-thumbnail","hentry","category-jequi","tag-almenara","tag-policia-militar-apreende-menor-que-buscava-drogas-na-bahia-para-vender-em-almenara"],"_links":{"self":[{"href":"https:\/\/aconteceunovale.com.br\/portal\/index.php?rest_route=\/wp\/v2\/posts\/29606","targetHints":{"allow":["GET"]}}],"collection":[{"href":"https:\/\/aconteceunovale.com.br\/portal\/index.php?rest_route=\/wp\/v2\/posts"}],"about":[{"href":"https:\/\/aconteceunovale.com.br\/portal\/index.php?rest_route=\/wp\/v2\/types\/post"}],"author":[{"embeddable":true,"href":"https:\/\/aconteceunovale.com.br\/portal\/index.php?rest_route=\/wp\/v2\/users\/1"}],"replies":[{"embeddable":true,"href":"https:\/\/aconteceunovale.com.br\/portal\/index.php?rest_route=%2Fwp%2Fv2%2Fcomments&post=29606"}],"version-history":[{"count":0,"href":"https:\/\/aconteceunovale.com.br\/portal\/index.php?rest_route=\/wp\/v2\/posts\/29606\/revisions"}],"wp:featuredmedia":[{"embeddable":true,"href":"https:\/\/aconteceunovale.com.br\/portal\/index.php?rest_route=\/wp\/v2\/media\/29607"}],"wp:attachment":[{"href":"https:\/\/aconteceunovale.com.br\/portal\/index.php?rest_route=%2Fwp%2Fv2%2Fmedia&parent=29606"}],"wp:term":[{"taxonomy":"category","embeddable":true,"href":"https:\/\/aconteceunovale.com.br\/portal\/index.php?rest_route=%2Fwp%2Fv2%2Fcategories&post=29606"},{"taxonomy":"post_tag","embeddable":true,"href":"https:\/\/aconteceunovale.com.br\/portal\/index.php?rest_route=%2Fwp%2Fv2%2Ftags&post=29606"}],"curies":[{"name":"wp","href":"https:\/\/api.w.org\/{rel}","templated":true}]}}