{"id":29598,"date":"2014-05-19T21:45:31","date_gmt":"2014-05-20T00:45:31","guid":{"rendered":"http:\/\/aconteceunovale.com.br\/portal\/?p=29598"},"modified":"2014-05-19T21:49:07","modified_gmt":"2014-05-20T00:49:07","slug":"governador-valadares-ja-registrou-67-assassinatos-em-2014","status":"publish","type":"post","link":"https:\/\/aconteceunovale.com.br\/portal\/?p=29598","title":{"rendered":"Governador Valadares j\u00e1 registrou 67 assassinatos em 2014"},"content":{"rendered":"<p>Um duplo homic\u00eddio na noite deste domingo, 18 de maio, elevou para 67 o n\u00famero de assassinatos registrados no ano 2014 em Governador Valadares, no Leste de Minas Gerais. O crime aconteceu na Avenida Wenceslau Br\u00e1s, no Bairro Santa Rita.<\/p>\n<p>De acordo com informa\u00e7\u00f5es contidas no Boletim de Ocorr\u00eancia, os policiais foram acionados para comparecerem ao bairro, onde haviam ocorrido alguns disparos de arma de fogo por volta das 21h50. Um homem, que \u00e9 pai de uma das v\u00edtimas, informou aos policiais que teria ouvido disparos de arma de fogo e depois se deparou com seu filho, Enrique J\u00fanior Rodrigues da Silva, de 32 anos, baleado, assim como outro rapaz, identificado como Igor Werneck de Souza, de 18 anos. O homem providenciou socorro ao seu filho para o Hospital Municipal, gra\u00e7as a um vizinho e, em seguida, outro ve\u00edculo socorreu a segunda v\u00edtima. Os policiais foram at\u00e9 o hospital e constaram que Enrique J\u00fanior e Igor Werneck morreram ao dar entrada no local.<\/p>\n<h4><strong>Morto em festa no Bairro Vila Isa<\/strong><\/h4>\n<p>Somente neste domingo, tr\u00eas assassinatos foram registrados. No bairro Vila Isa, o homic\u00eddio aconteceu na Rua N\u00edsio Pe\u00e7anha Barcelos, por volta de 2h35 da madrugada de domingo. Uma festa de anivers\u00e1rio estava acontecendo, a qual teria sido organizada pelo Facebook. De acordo com a ocorr\u00eancia, os policiais foram acionados para comparecer ao local, onde haviam ocorrido disparos de arma de fogo. Os militares viram a v\u00edtima, Nilomar J\u00fanior dos Anjos, de 26 anos, ca\u00eddo no ch\u00e3o com uma perfura\u00e7\u00e3o na cabe\u00e7a e sem os sinais vitais. Os policiais isolaram o local e acionaram a per\u00edcia, que realizou os trabalhos de praxe e liberou o corpo para o Posto de Per\u00edcia Integrada (PPI).<\/p>\n<h4><strong>N\u00famero de assassinatos dobra no m\u00eas de maio<\/strong><\/h4>\n<p>Com os tr\u00eas homic\u00eddios registrados neste domingo, subiu para 13 o n\u00famero de mortes apenas no m\u00eas de maio. O n\u00famero \u00e9 maior que o dobro dos assassinatos registrados em todo o m\u00eas de maio em 2013, quando seis mortes foram contabilizadas.<\/p>\n<p><img decoding=\"async\" src=\"http:\/\/aconteceunovale.com.br\/portal\/wp-content\/uploads\/2014\/05\/homicidio_vila_isa_18_05_1.jpg\" alt=\"\" \/><em>(Homem foi morto a tiros em uma festa no Bairro Vila Isa &#8211; Foto: Kildene de Jesus \/ Alterosa Alerta)<\/em><br \/>\n<\/br><\/p>\n<p><strong>(Fonte: Di\u00e1rio do Rio Doce \/ Inter TV dos Vales)<\/strong><\/p>\n","protected":false},"excerpt":{"rendered":"<p>Um duplo homic\u00eddio na noite deste domingo, 18 de maio, elevou para 67 o n\u00famero de assassinatos registrados no ano 2014 em Governador Valadares, no Leste de Minas Gerais. O crime aconteceu na Avenida Wenceslau Br\u00e1s, no Bairro Santa Rita. De acordo com informa\u00e7\u00f5es contidas no Boletim de Ocorr\u00eancia, os policiais foram acionados para comparecerem [&hellip;]<\/p>\n","protected":false},"author":1,"featured_media":29261,"comment_status":"open","ping_status":"closed","sticky":false,"template":"","format":"standard","meta":{"amp_status":"","footnotes":""},"categories":[121],"tags":[7716,247,7715,7714],"class_list":["post-29598","post","type-post","status-publish","format-standard","has-post-thumbnail","hentry","category-leste","tag-assassinatos-em-governador-valadares-no-ano-2014","tag-governador-valadares","tag-governador-valadares-ja-registrou-67-assassinatos-em-2014","tag-governador-valadares-ja-registrou-67-homicidios-em-2014"],"_links":{"self":[{"href":"https:\/\/aconteceunovale.com.br\/portal\/index.php?rest_route=\/wp\/v2\/posts\/29598","targetHints":{"allow":["GET"]}}],"collection":[{"href":"https:\/\/aconteceunovale.com.br\/portal\/index.php?rest_route=\/wp\/v2\/posts"}],"about":[{"href":"https:\/\/aconteceunovale.com.br\/portal\/index.php?rest_route=\/wp\/v2\/types\/post"}],"author":[{"embeddable":true,"href":"https:\/\/aconteceunovale.com.br\/portal\/index.php?rest_route=\/wp\/v2\/users\/1"}],"replies":[{"embeddable":true,"href":"https:\/\/aconteceunovale.com.br\/portal\/index.php?rest_route=%2Fwp%2Fv2%2Fcomments&post=29598"}],"version-history":[{"count":0,"href":"https:\/\/aconteceunovale.com.br\/portal\/index.php?rest_route=\/wp\/v2\/posts\/29598\/revisions"}],"wp:featuredmedia":[{"embeddable":true,"href":"https:\/\/aconteceunovale.com.br\/portal\/index.php?rest_route=\/wp\/v2\/media\/29261"}],"wp:attachment":[{"href":"https:\/\/aconteceunovale.com.br\/portal\/index.php?rest_route=%2Fwp%2Fv2%2Fmedia&parent=29598"}],"wp:term":[{"taxonomy":"category","embeddable":true,"href":"https:\/\/aconteceunovale.com.br\/portal\/index.php?rest_route=%2Fwp%2Fv2%2Fcategories&post=29598"},{"taxonomy":"post_tag","embeddable":true,"href":"https:\/\/aconteceunovale.com.br\/portal\/index.php?rest_route=%2Fwp%2Fv2%2Ftags&post=29598"}],"curies":[{"name":"wp","href":"https:\/\/api.w.org\/{rel}","templated":true}]}}