{"id":29280,"date":"2014-05-18T17:06:47","date_gmt":"2014-05-18T20:06:47","guid":{"rendered":"http:\/\/aconteceunovale.com.br\/portal\/?p=29280"},"modified":"2014-05-18T19:28:24","modified_gmt":"2014-05-18T22:28:24","slug":"acidente-entre-carreta-e-viatura-da-prf-deixa-uma-vitima-fatal-e-dois-policiais-feridos-no-norte-de-minas","status":"publish","type":"post","link":"https:\/\/aconteceunovale.com.br\/portal\/?p=29280","title":{"rendered":"Acidente entre carreta e viatura da PRF deixa uma v\u00edtima fatal e dois policiais feridos no Norte de Minas"},"content":{"rendered":"<p>Um acidente envolvendo uma viatura da Pol\u00edcia Rodovi\u00e1ria Federal e uma carreta deixou uma v\u00edtima fatal e dois policiais feridos por volta das 13h15 da tarde deste domingo, 18 de maio, na BR-135, na altura do quil\u00f4metro 370, pr\u00f3ximo ao trevo de Montes Claros\/MG e a menos de cinco quil\u00f4metros da base da PRF.<\/p>\n<p>De acordo com informa\u00e7\u00f5es, a carreta com placas de Ermo\/SC, teria batido na traseira da viatura da PRF, arrastando o ve\u00edculo para fora da pista, onde h\u00e1 um desn\u00edvel, provocando o capotamento dos dois ve\u00edculos. O condutor da carreta, Ant\u00f4nio Borges Genu\u00edno, de 54 anos, morreu no local.<\/p>\n<p>Os policiais, Anderson Gomes Pereira, 55 anos, e Roberto Cesar Quaresma Lemos, 41, foram socorridos por unidades de resgate do SAMU e do Corpo de Bombeiros e encaminhados para a Santa Casa de Montes Claros. Os dois foram submetidos a exames e entraram em observa\u00e7\u00e3o, mas apresentam quadro de sa\u00fade est\u00e1vel e est\u00e3o conscientes.<\/p>\n<p>O acidente provocou uma pequena reten\u00e7\u00e3o no tr\u00e1fego de ve\u00edculos no local, mas rapidamente foi normalizado.<\/p>\n<p><img decoding=\"async\" src=\"http:\/\/aconteceunovale.com.br\/portal\/wp-content\/uploads\/2014\/05\/acidente_viatura_prf_moc_18_05_foto_cbmg_4.jpg\" alt=\"\" \/><em>(Foto: Corpo de Bombeiros de Montes Claros)<\/em><br \/>\n<\/br><\/p>\n<p><img decoding=\"async\" src=\"http:\/\/aconteceunovale.com.br\/portal\/wp-content\/uploads\/2014\/05\/acidente_viatura_prf_moc_18_05_foto_cbmg_1.jpg\" alt=\"\" \/><em>(Foto: Corpo de Bombeiros de Montes Claros)<\/em><br \/>\n<\/br><\/p>\n<p><img decoding=\"async\" src=\"http:\/\/aconteceunovale.com.br\/portal\/wp-content\/uploads\/2014\/05\/acidente_viatura_prf_moc_18_05_foto_cbmg_2.jpg\" alt=\"\" \/><em>(Foto: Corpo de Bombeiros de Montes Claros)<\/em><br \/>\n<\/br><\/p>\n<p><img decoding=\"async\" src=\"http:\/\/aconteceunovale.com.br\/portal\/wp-content\/uploads\/2014\/05\/acidente_viatura_prf_moc_18_05_foto_cbmg_3.jpg\" alt=\"\" \/><em>(Foto: Corpo de Bombeiros de Montes Claros)<\/em><br \/>\n<\/br><\/p>\n","protected":false},"excerpt":{"rendered":"<p>Um acidente envolvendo uma viatura da Pol\u00edcia Rodovi\u00e1ria Federal e uma carreta deixou uma v\u00edtima fatal e dois policiais feridos por volta das 13h15 da tarde deste domingo, 18 de maio, na BR-135, na altura do quil\u00f4metro 370, pr\u00f3ximo ao trevo de Montes Claros\/MG e a menos de cinco quil\u00f4metros da base da PRF. De [&hellip;]<\/p>\n","protected":false},"author":1,"featured_media":29287,"comment_status":"open","ping_status":"closed","sticky":false,"template":"","format":"standard","meta":{"amp_status":"","footnotes":""},"categories":[1236],"tags":[7663,7664,7662,7668,7667,1018,210,7669],"class_list":["post-29280","post","type-post","status-publish","format-standard","has-post-thumbnail","hentry","category-norte_de_minas","tag-acidente-com-viatura-da-policia-rodoviaria-federal-em-montes-claros","tag-acidente-com-viatura-da-prf-em-montes-claros","tag-acidente-entre-carreta-e-viatura-da-prf-deixa-uma-vitima-fatal-e-dois-policiais-feridos-no-norte-de-minas","tag-anderson-gomes-pereira","tag-antonio-borges-genuino","tag-destaque","tag-montes-claros","tag-roberto-cesar-quaresma-lemos"],"_links":{"self":[{"href":"https:\/\/aconteceunovale.com.br\/portal\/index.php?rest_route=\/wp\/v2\/posts\/29280","targetHints":{"allow":["GET"]}}],"collection":[{"href":"https:\/\/aconteceunovale.com.br\/portal\/index.php?rest_route=\/wp\/v2\/posts"}],"about":[{"href":"https:\/\/aconteceunovale.com.br\/portal\/index.php?rest_route=\/wp\/v2\/types\/post"}],"author":[{"embeddable":true,"href":"https:\/\/aconteceunovale.com.br\/portal\/index.php?rest_route=\/wp\/v2\/users\/1"}],"replies":[{"embeddable":true,"href":"https:\/\/aconteceunovale.com.br\/portal\/index.php?rest_route=%2Fwp%2Fv2%2Fcomments&post=29280"}],"version-history":[{"count":0,"href":"https:\/\/aconteceunovale.com.br\/portal\/index.php?rest_route=\/wp\/v2\/posts\/29280\/revisions"}],"wp:featuredmedia":[{"embeddable":true,"href":"https:\/\/aconteceunovale.com.br\/portal\/index.php?rest_route=\/wp\/v2\/media\/29287"}],"wp:attachment":[{"href":"https:\/\/aconteceunovale.com.br\/portal\/index.php?rest_route=%2Fwp%2Fv2%2Fmedia&parent=29280"}],"wp:term":[{"taxonomy":"category","embeddable":true,"href":"https:\/\/aconteceunovale.com.br\/portal\/index.php?rest_route=%2Fwp%2Fv2%2Fcategories&post=29280"},{"taxonomy":"post_tag","embeddable":true,"href":"https:\/\/aconteceunovale.com.br\/portal\/index.php?rest_route=%2Fwp%2Fv2%2Ftags&post=29280"}],"curies":[{"name":"wp","href":"https:\/\/api.w.org\/{rel}","templated":true}]}}