{"id":29276,"date":"2014-05-18T16:33:43","date_gmt":"2014-05-18T19:33:43","guid":{"rendered":"http:\/\/aconteceunovale.com.br\/portal\/?p=29276"},"modified":"2014-05-18T16:33:43","modified_gmt":"2014-05-18T19:33:43","slug":"policia-militar-apreende-municoes-e-mais-de-um-quilo-de-maconha-no-bairro-sao-jose-em-valadares","status":"publish","type":"post","link":"https:\/\/aconteceunovale.com.br\/portal\/?p=29276","title":{"rendered":"Pol\u00edcia Militar apreende muni\u00e7\u00f5es e mais de um quilo de maconha no Bairro S\u00e3o Jos\u00e9 em Valadares"},"content":{"rendered":"<p>Uma grande quantidade de muni\u00e7\u00f5es e mais de um quilo de maconha foram apreendidos durante uma a\u00e7\u00e3o de combate ao tr\u00e1fico realizada pela Pol\u00edcia Militar neste domingo, 18 de maio, no Bairro S\u00e3o Jos\u00e9, em Governador Valadares\/MG.<\/p>\n<p>De acordo com a Pol\u00edcia Militar, os dois tabletes de maconha prensada de 1 quilo e 31 gramas, 255 muni\u00e7\u00f5es calibre 380 e 86 calibre 38 estavam na posse de um homem de 39 anos na Rua Levir Jos\u00e9 Soares.<\/p>\n<p>Ainda segundo a PM, o suspeito informou que n\u00e3o era propriet\u00e1rio do material apreendido e que estaria apenas guardando para outra pessoa. O homem, que n\u00e3o tem passagem pela pol\u00edcia, foi preso em flagrante e encaminhado \u00e0 Delegacia de Pol\u00edcia para devidas provid\u00eancias.<\/p>\n<p><img decoding=\"async\" src=\"http:\/\/aconteceunovale.com.br\/portal\/wp-content\/uploads\/2014\/05\/material_preso_gv_18_05_1.jpg\" alt=\"\" \/><em>(Foto: Roberto Higino \/ Caso de Pol\u00edcia)<\/em><br \/>\n<\/br><\/p>\n<p><img decoding=\"async\" src=\"http:\/\/aconteceunovale.com.br\/portal\/wp-content\/uploads\/2014\/05\/material_preso_gv_18_05_2.jpg\" alt=\"\" \/><em>(Foto: Roberto Higino \/ Caso de Pol\u00edcia)<\/em><br \/>\n<\/br><\/p>\n<p><strong>(Inter TV com altera\u00e7\u00f5es)<\/strong><\/p>\n","protected":false},"excerpt":{"rendered":"<p>Uma grande quantidade de muni\u00e7\u00f5es e mais de um quilo de maconha foram apreendidos durante uma a\u00e7\u00e3o de combate ao tr\u00e1fico realizada pela Pol\u00edcia Militar neste domingo, 18 de maio, no Bairro S\u00e3o Jos\u00e9, em Governador Valadares\/MG. De acordo com a Pol\u00edcia Militar, os dois tabletes de maconha prensada de 1 quilo e 31 gramas, [&hellip;]<\/p>\n","protected":false},"author":1,"featured_media":29278,"comment_status":"open","ping_status":"closed","sticky":false,"template":"","format":"standard","meta":{"amp_status":"","footnotes":""},"categories":[121],"tags":[247,7661],"class_list":["post-29276","post","type-post","status-publish","format-standard","has-post-thumbnail","hentry","category-leste","tag-governador-valadares","tag-policia-militar-apreende-municoes-e-mais-de-um-quilo-de-maconha-no-bairro-sao-jose-em-valadares"],"_links":{"self":[{"href":"https:\/\/aconteceunovale.com.br\/portal\/index.php?rest_route=\/wp\/v2\/posts\/29276","targetHints":{"allow":["GET"]}}],"collection":[{"href":"https:\/\/aconteceunovale.com.br\/portal\/index.php?rest_route=\/wp\/v2\/posts"}],"about":[{"href":"https:\/\/aconteceunovale.com.br\/portal\/index.php?rest_route=\/wp\/v2\/types\/post"}],"author":[{"embeddable":true,"href":"https:\/\/aconteceunovale.com.br\/portal\/index.php?rest_route=\/wp\/v2\/users\/1"}],"replies":[{"embeddable":true,"href":"https:\/\/aconteceunovale.com.br\/portal\/index.php?rest_route=%2Fwp%2Fv2%2Fcomments&post=29276"}],"version-history":[{"count":0,"href":"https:\/\/aconteceunovale.com.br\/portal\/index.php?rest_route=\/wp\/v2\/posts\/29276\/revisions"}],"wp:featuredmedia":[{"embeddable":true,"href":"https:\/\/aconteceunovale.com.br\/portal\/index.php?rest_route=\/wp\/v2\/media\/29278"}],"wp:attachment":[{"href":"https:\/\/aconteceunovale.com.br\/portal\/index.php?rest_route=%2Fwp%2Fv2%2Fmedia&parent=29276"}],"wp:term":[{"taxonomy":"category","embeddable":true,"href":"https:\/\/aconteceunovale.com.br\/portal\/index.php?rest_route=%2Fwp%2Fv2%2Fcategories&post=29276"},{"taxonomy":"post_tag","embeddable":true,"href":"https:\/\/aconteceunovale.com.br\/portal\/index.php?rest_route=%2Fwp%2Fv2%2Ftags&post=29276"}],"curies":[{"name":"wp","href":"https:\/\/api.w.org\/{rel}","templated":true}]}}