{"id":29265,"date":"2014-05-18T11:52:06","date_gmt":"2014-05-18T14:52:06","guid":{"rendered":"http:\/\/aconteceunovale.com.br\/portal\/?p=29265"},"modified":"2014-05-18T11:52:06","modified_gmt":"2014-05-18T14:52:06","slug":"colisao-entre-veiculos-deixa-uma-vitima-fatal-e-cinco-feridos-em-governador-valadares","status":"publish","type":"post","link":"https:\/\/aconteceunovale.com.br\/portal\/?p=29265","title":{"rendered":"Colis\u00e3o entre ve\u00edculos deixa uma v\u00edtima fatal e cinco feridos em Governador Valadares"},"content":{"rendered":"<p>Uma colis\u00e3o frontal entre um Corsa placa CDH-9036 e um Del Rey placa BHH-4002 deixou uma v\u00edtima fatal e cinco feridas por volta das 22 horas e 25 minutos da noite deste s\u00e1bado, 17 de maio, no quil\u00f4metro 412 da rodovia BR-116, pr\u00f3ximo ao Posto Planalto II, em Governador Valadares\/MG.<\/p>\n<p>Com o impacto da colis\u00e3o, Ronaldo Gomes da Costa, de 56 anos, que estava no ve\u00edculo Corsa, ficou preso \u00e0s ferragens e teve sua morte confirmada pelo m\u00e9dico que chefiava a equipe de resgate.<\/p>\n<p>O acidente deixou cinco pessoas feridas. De acordo com o Corpo de Bombeiros, o motorista do Del Rey, Ismar Barbosa da Silva, que apresentava sinais de embriagues, sofreu ferimentos leves. J\u00e1 no Corsa, Ant\u00f4nio da Silva Soares, Elizabete Pereira Rocha, L\u00edcia Maria da Silva Moura e Maria Helena Gomes da Costa, tiveram ferimentos diversos. Todos foram socorridos e encaminhados ao Hospital Municipal por unidades de regaste do Corpo de Bombeiros.<\/p>\n<p><img decoding=\"async\" src=\"http:\/\/aconteceunovale.com.br\/portal\/wp-content\/uploads\/2014\/05\/acidente_116_gv_18_05_2.jpg\" alt=\"\" \/><em>(Foto: Kildene de Jesus \/ Alterosa Alerta)<\/em><br \/>\n<\/br><\/p>\n<p><img decoding=\"async\" src=\"http:\/\/aconteceunovale.com.br\/portal\/wp-content\/uploads\/2014\/05\/acidente_116_gv_18_05_1.jpg\" alt=\"\" \/><em>(Foto: Kildene de Jesus \/ Alterosa Alerta)<\/em><br \/>\n<\/br><\/p>\n<p><strong>(Reda\u00e7\u00e3o do Portal Aconteceu no Vale)<\/strong><\/p>\n","protected":false},"excerpt":{"rendered":"<p>Uma colis\u00e3o frontal entre um Corsa placa CDH-9036 e um Del Rey placa BHH-4002 deixou uma v\u00edtima fatal e cinco feridas por volta das 22 horas e 25 minutos da noite deste s\u00e1bado, 17 de maio, no quil\u00f4metro 412 da rodovia BR-116, pr\u00f3ximo ao Posto Planalto II, em Governador Valadares\/MG. Com o impacto da colis\u00e3o, [&hellip;]<\/p>\n","protected":false},"author":1,"featured_media":29268,"comment_status":"open","ping_status":"closed","sticky":false,"template":"","format":"standard","meta":{"amp_status":"","footnotes":""},"categories":[121],"tags":[7657,7654,1018,7658,247,7656,7659,7660,7655],"class_list":["post-29265","post","type-post","status-publish","format-standard","has-post-thumbnail","hentry","category-leste","tag-antonio-da-silva-soares","tag-colisao-entre-veiculos-deixa-uma-vitima-fatal-e-cinco-feridos-em-governador-valadares","tag-destaque","tag-elizabete-pereira-rocha","tag-governador-valadares","tag-ismar-barbosa-da-silva","tag-licia-maria-da-silva-moura","tag-maria-helena-gomes-da-costa","tag-ronaldo-gomes-da-costa"],"_links":{"self":[{"href":"https:\/\/aconteceunovale.com.br\/portal\/index.php?rest_route=\/wp\/v2\/posts\/29265","targetHints":{"allow":["GET"]}}],"collection":[{"href":"https:\/\/aconteceunovale.com.br\/portal\/index.php?rest_route=\/wp\/v2\/posts"}],"about":[{"href":"https:\/\/aconteceunovale.com.br\/portal\/index.php?rest_route=\/wp\/v2\/types\/post"}],"author":[{"embeddable":true,"href":"https:\/\/aconteceunovale.com.br\/portal\/index.php?rest_route=\/wp\/v2\/users\/1"}],"replies":[{"embeddable":true,"href":"https:\/\/aconteceunovale.com.br\/portal\/index.php?rest_route=%2Fwp%2Fv2%2Fcomments&post=29265"}],"version-history":[{"count":0,"href":"https:\/\/aconteceunovale.com.br\/portal\/index.php?rest_route=\/wp\/v2\/posts\/29265\/revisions"}],"wp:featuredmedia":[{"embeddable":true,"href":"https:\/\/aconteceunovale.com.br\/portal\/index.php?rest_route=\/wp\/v2\/media\/29268"}],"wp:attachment":[{"href":"https:\/\/aconteceunovale.com.br\/portal\/index.php?rest_route=%2Fwp%2Fv2%2Fmedia&parent=29265"}],"wp:term":[{"taxonomy":"category","embeddable":true,"href":"https:\/\/aconteceunovale.com.br\/portal\/index.php?rest_route=%2Fwp%2Fv2%2Fcategories&post=29265"},{"taxonomy":"post_tag","embeddable":true,"href":"https:\/\/aconteceunovale.com.br\/portal\/index.php?rest_route=%2Fwp%2Fv2%2Ftags&post=29265"}],"curies":[{"name":"wp","href":"https:\/\/api.w.org\/{rel}","templated":true}]}}