{"id":29260,"date":"2014-05-18T11:27:10","date_gmt":"2014-05-18T14:27:10","guid":{"rendered":"http:\/\/aconteceunovale.com.br\/portal\/?p=29260"},"modified":"2014-05-18T16:22:12","modified_gmt":"2014-05-18T19:22:12","slug":"homem-e-executado-a-tiros-durante-festa-no-bairro-vila-isa-em-valadares","status":"publish","type":"post","link":"https:\/\/aconteceunovale.com.br\/portal\/?p=29260","title":{"rendered":"Homem \u00e9 executado a tiros durante festa no Bairro Vila Isa em Valadares"},"content":{"rendered":"<p>Um homem de 26 anos, identificado como, Nilomar J\u00fanior dos Santos, foi executado a tiros na madrugada deste domingo, 18 de maio, em Governador Valadares\/MG. De acordo com a Pol\u00edcia Militar, a v\u00edtima participava de uma festa na Rua N\u00edsio Pe\u00e7anha, no Bairro Vila Isa, quando foi surpreendida por disparos de arma de fogo por volta das 3 horas madrugada.<\/p>\n<p>Ainda segundo a PM, o homem tinha passagem pela pol\u00edcia, no entanto a motiva\u00e7\u00e3o do crime ainda \u00e9 desconhecida e dever\u00e1 ser investigada.<\/p>\n<p><img decoding=\"async\" src=\"http:\/\/aconteceunovale.com.br\/portal\/wp-content\/uploads\/2014\/05\/homicidio_vila_isa_18_05_1.jpg\" alt=\"\" \/><em>(Foto: Roberto Higino \/ Caso de Pol\u00edcia)<\/em><\/p>\n","protected":false},"excerpt":{"rendered":"<p>Um homem de 26 anos, identificado como, Nilomar J\u00fanior dos Santos, foi executado a tiros na madrugada deste domingo, 18 de maio, em Governador Valadares\/MG. De acordo com a Pol\u00edcia Militar, a v\u00edtima participava de uma festa na Rua N\u00edsio Pe\u00e7anha, no Bairro Vila Isa, quando foi surpreendida por disparos de arma de fogo por [&hellip;]<\/p>\n","protected":false},"author":1,"featured_media":29261,"comment_status":"open","ping_status":"closed","sticky":false,"template":"","format":"standard","meta":{"amp_status":"","footnotes":""},"categories":[121],"tags":[247,7653],"class_list":["post-29260","post","type-post","status-publish","format-standard","has-post-thumbnail","hentry","category-leste","tag-governador-valadares","tag-homem-e-executado-a-tiros-durante-festa-no-bairro-vila-isa-em-valadares"],"_links":{"self":[{"href":"https:\/\/aconteceunovale.com.br\/portal\/index.php?rest_route=\/wp\/v2\/posts\/29260","targetHints":{"allow":["GET"]}}],"collection":[{"href":"https:\/\/aconteceunovale.com.br\/portal\/index.php?rest_route=\/wp\/v2\/posts"}],"about":[{"href":"https:\/\/aconteceunovale.com.br\/portal\/index.php?rest_route=\/wp\/v2\/types\/post"}],"author":[{"embeddable":true,"href":"https:\/\/aconteceunovale.com.br\/portal\/index.php?rest_route=\/wp\/v2\/users\/1"}],"replies":[{"embeddable":true,"href":"https:\/\/aconteceunovale.com.br\/portal\/index.php?rest_route=%2Fwp%2Fv2%2Fcomments&post=29260"}],"version-history":[{"count":0,"href":"https:\/\/aconteceunovale.com.br\/portal\/index.php?rest_route=\/wp\/v2\/posts\/29260\/revisions"}],"wp:featuredmedia":[{"embeddable":true,"href":"https:\/\/aconteceunovale.com.br\/portal\/index.php?rest_route=\/wp\/v2\/media\/29261"}],"wp:attachment":[{"href":"https:\/\/aconteceunovale.com.br\/portal\/index.php?rest_route=%2Fwp%2Fv2%2Fmedia&parent=29260"}],"wp:term":[{"taxonomy":"category","embeddable":true,"href":"https:\/\/aconteceunovale.com.br\/portal\/index.php?rest_route=%2Fwp%2Fv2%2Fcategories&post=29260"},{"taxonomy":"post_tag","embeddable":true,"href":"https:\/\/aconteceunovale.com.br\/portal\/index.php?rest_route=%2Fwp%2Fv2%2Ftags&post=29260"}],"curies":[{"name":"wp","href":"https:\/\/api.w.org\/{rel}","templated":true}]}}