{"id":29161,"date":"2014-05-16T22:36:33","date_gmt":"2014-05-17T01:36:33","guid":{"rendered":"http:\/\/aconteceunovale.com.br\/portal\/?p=29161"},"modified":"2014-05-16T22:37:11","modified_gmt":"2014-05-17T01:37:11","slug":"imprensa-internacional-destaca-protestos-contra-a-copa-do-mundo-no-brasil","status":"publish","type":"post","link":"https:\/\/aconteceunovale.com.br\/portal\/?p=29161","title":{"rendered":"Imprensa internacional destaca protestos contra a Copa do Mundo no Brasil"},"content":{"rendered":"<p>As manifesta\u00e7\u00f5es contra a Copa do Mundo deste ano, que tomaram as principais cidades brasileiras nessa quinta-feira (15), foram destaque na imprensa internacional. O clima de tens\u00e3o, a falta de seguran\u00e7a e o descontentamento dos brasileiros com a atual conjuntura pol\u00edtica do pa\u00eds foram a t\u00f4nica das publica\u00e7\u00f5es.<\/p>\n<p>Enquanto isso, o ministro do Esporte, Aldo Rebelo, disse nesta sexta acreditar que os protestos tendem a diminuir na Copa. Para ele, o pa\u00eds ser\u00e1 tomado por um \u201cclima de festa\u201d. Segundo Rebelo, as recentes manifesta\u00e7\u00f5es est\u00e3o mais relacionadas a quest\u00f5es trabalhistas. A declara\u00e7\u00e3o do ministro foi dada ap\u00f3s uma reuni\u00e3o com autoridades brasileiras e representantes da Fifa.<\/p>\n<p>O jornal argentino \u201cClar\u00edn\u201d destacou as manifesta\u00e7\u00f5es em Belo Horizonte, S\u00e3o Paulo, Rio de Janeiro, Porto Alegre, Fortaleza e Salvador, com ruas bloqueadas por ativistas. O site do peri\u00f3dico afirmou que os manifestantes t\u00eam demandas diversas, mas comungam o fato de serem contr\u00e1rios aos gastos p\u00fablicos com o Mundial.<\/p>\n<p>Os bilh\u00f5es de reais gastos para sediar a competi\u00e7\u00e3o tamb\u00e9m foram, para o americano \u201cThe New York Times\u201d, o motivo para os protestos. Em uma reportagem com o t\u00edtulo \u201cOnda de Protestos contra o Governo Come\u00e7a no Brasil\u201d, a publica\u00e7\u00e3o contou que pneus foram furados e avenidas bloqueadas em manifesta\u00e7\u00f5es que tentam chamar a aten\u00e7\u00e3o para os problemas de habita\u00e7\u00e3o e educa\u00e7\u00e3o, a menos de um m\u00eas da Copa. O texto ainda destacou as manifesta\u00e7\u00f5es no entorno do Est\u00e1dio Arena Corinthians, constru\u00eddo para o Mundial. Segundo a reportagem, os atos s\u00e3o um teste para o governo mostrar habilidade em garantir a seguran\u00e7a durante a Copa.<\/p>\n<p>O tom cr\u00edtico tamb\u00e9m esteve no site da rede brit\u00e2nica de televis\u00e3o \u201cBBC\u201d, que salientou que, apesar das mobiliza\u00e7\u00f5es em 14 capitais do pa\u00eds e algumas a\u00e7\u00f5es de impacto, os protestos ficaram bem aqu\u00e9m do esperado pelos grupos envolvidos na convoca\u00e7\u00e3o, que anunciavam a volta das grandes multid\u00f5es de manifestantes \u00e0s ruas, como ocorreu em junho do ano passado, durante a Copa das Confedera\u00e7\u00f5es.<\/p>\n<p><img decoding=\"async\" src=\"http:\/\/aconteceunovale.com.br\/portal\/wp-content\/uploads\/2014\/05\/protestos_contra_copa_16_05.jpg\" alt=\"\" \/><em>(Foto: Jo\u00e3o Godinho \/ Jornal O Tempo)<\/em><br \/>\n<\/br><\/p>\n<h4><strong>Lula classifica protestos como \u201cbabaquice\u201d<\/strong><\/h4>\n<p>Em um evento realizado com blogueiros nesta sexta, em S\u00e3o Paulo, o ex-presidente Lula voltou a defender a realiza\u00e7\u00e3o da Copa do Mundo. Ele classificou como \u201cbabaquice\u201d a preocupa\u00e7\u00e3o em dar aos turistas estrangeiros confortos de \u201cprimeiro mundo\u201d, como \u201cchegar de metr\u00f4 dentro do est\u00e1dio\u201d. Lula refor\u00e7ou que o importante \u00e9 mostrar a cultura brasileira e disse ter \u201cmuito orgulho\u201d de ter trazido o Mundial de futebol e a Olimp\u00edada para o pa\u00eds. <\/p>\n<h4><strong>Joseph Blatter acredita no sucesso da copa<\/strong><\/h4>\n<p>O presidente da Fifa, Joseph Blatter, afirmou nesta sexta que a popula\u00e7\u00e3o brasileira est\u00e1 \u201cum pouco descontente\u201d com a Copa, mas disse acreditar que \u201ca situa\u00e7\u00e3o ir\u00e1 mudar radicalmente\u201d no dia 12 de junho, assim que a competi\u00e7\u00e3o come\u00e7ar. Em entrevista \u00e0 TV su\u00ed\u00e7a \u201cRTS\u201d, o cartola disse acreditar que os brasileiros se decepcionaram com o Mundial porque promessas de melhorias de vida relativas ao fato de o pa\u00eds organizar o torneio n\u00e3o foram cumpridas.<\/p>\n<h4><strong>Viaduto Jos\u00e9 Alencar<\/strong><\/h4>\n<p>Ap\u00f3s a morte de dois jovens nas manifesta\u00e7\u00f5es da Copa das Confedera\u00e7\u00f5es, em 2013, o viaduto Jos\u00e9 Alencar, na Pampulha, em Belo Horizonte, vai ganhar guarda-corpo. A instala\u00e7\u00e3o deve come\u00e7ar na segunda-feira. Segundo a Regional Pampulha, as grades s\u00e3o similares ao gradil do viaduto da Lagoinha \u2013 de cubo de a\u00e7o, com 1,30 m de altura \u2013 e ser\u00e3o instaladas em volta de toda a estrutura, inclusive do canteiro. A instala\u00e7\u00e3o deve durar duas semanas. <\/p>\n<p><strong>(Fonte: O Tempo)<\/strong><\/p>\n","protected":false},"excerpt":{"rendered":"<p>As manifesta\u00e7\u00f5es contra a Copa do Mundo deste ano, que tomaram as principais cidades brasileiras nessa quinta-feira (15), foram destaque na imprensa internacional. O clima de tens\u00e3o, a falta de seguran\u00e7a e o descontentamento dos brasileiros com a atual conjuntura pol\u00edtica do pa\u00eds foram a t\u00f4nica das publica\u00e7\u00f5es. Enquanto isso, o ministro do Esporte, Aldo [&hellip;]<\/p>\n","protected":false},"author":1,"featured_media":29162,"comment_status":"open","ping_status":"closed","sticky":false,"template":"","format":"standard","meta":{"amp_status":"","footnotes":""},"categories":[6],"tags":[7605,7603,7606,7607,7604],"class_list":["post-29161","post","type-post","status-publish","format-standard","has-post-thumbnail","hentry","category-br","tag-naovaitercopa","tag-imprensa-internacional-destaca-protestos-contra-a-copa-do-mundo-no-brasil","tag-nao-vai-ter-copa","tag-protestos-contra-a-copa-do-mundo","tag-protestos-contra-a-copa-do-mundo-no-brasil"],"_links":{"self":[{"href":"https:\/\/aconteceunovale.com.br\/portal\/index.php?rest_route=\/wp\/v2\/posts\/29161","targetHints":{"allow":["GET"]}}],"collection":[{"href":"https:\/\/aconteceunovale.com.br\/portal\/index.php?rest_route=\/wp\/v2\/posts"}],"about":[{"href":"https:\/\/aconteceunovale.com.br\/portal\/index.php?rest_route=\/wp\/v2\/types\/post"}],"author":[{"embeddable":true,"href":"https:\/\/aconteceunovale.com.br\/portal\/index.php?rest_route=\/wp\/v2\/users\/1"}],"replies":[{"embeddable":true,"href":"https:\/\/aconteceunovale.com.br\/portal\/index.php?rest_route=%2Fwp%2Fv2%2Fcomments&post=29161"}],"version-history":[{"count":0,"href":"https:\/\/aconteceunovale.com.br\/portal\/index.php?rest_route=\/wp\/v2\/posts\/29161\/revisions"}],"wp:featuredmedia":[{"embeddable":true,"href":"https:\/\/aconteceunovale.com.br\/portal\/index.php?rest_route=\/wp\/v2\/media\/29162"}],"wp:attachment":[{"href":"https:\/\/aconteceunovale.com.br\/portal\/index.php?rest_route=%2Fwp%2Fv2%2Fmedia&parent=29161"}],"wp:term":[{"taxonomy":"category","embeddable":true,"href":"https:\/\/aconteceunovale.com.br\/portal\/index.php?rest_route=%2Fwp%2Fv2%2Fcategories&post=29161"},{"taxonomy":"post_tag","embeddable":true,"href":"https:\/\/aconteceunovale.com.br\/portal\/index.php?rest_route=%2Fwp%2Fv2%2Ftags&post=29161"}],"curies":[{"name":"wp","href":"https:\/\/api.w.org\/{rel}","templated":true}]}}