{"id":29148,"date":"2014-05-16T21:54:25","date_gmt":"2014-05-17T00:54:25","guid":{"rendered":"http:\/\/aconteceunovale.com.br\/portal\/?p=29148"},"modified":"2014-05-17T09:07:21","modified_gmt":"2014-05-17T12:07:21","slug":"justica-diz-que-greve-dos-servidores-do-hospital-de-valadares-e-ilegal-e-determina-multa-diaria-de-r-50-mil","status":"publish","type":"post","link":"https:\/\/aconteceunovale.com.br\/portal\/?p=29148","title":{"rendered":"Justi\u00e7a diz que greve dos servidores do Hospital de Valadares \u00e9 ilegal e determina multa di\u00e1ria de R$ 50 mil"},"content":{"rendered":"<p>O desembargador Beliz\u00e1rio de Lacerda determinou que a greve dos servidores do Hospital Municipal em Governador Valadares, no Leste de Minas Gerais, que paralisaram as atividades desde o dia 7 deste m\u00eas, \u00e9 ilegal. Em caso de descumprimento, ser\u00e1 aplicada multa di\u00e1ria no valor de R$ 50 mil a ser paga pelo Sindicato dos Servidores Municipais (SINSEM).<\/p>\n<p>A categoria reivindica cumprimento da lei de plano de cargos e sal\u00e1rios, principalmente da jornada de 12 por 36 horas, aprovada na c\u00e2mara municipal e sancionada pela prefeita Elisa Costa, em 29 de janeiro deste ano.<\/p>\n<p>A decis\u00e3o do desembargador aconteceu nesta sexta-feira (16) e refor\u00e7a as provid\u00eancias, que segundo o munic\u00edpio, j\u00e1 foram adotadas: corte dos pontos faltosos, corte de 1\/3 dos vencimentos dos grevistas, abertura de processo administrativo disciplinar por abandono de emprego com demiss\u00e3o a bem do servi\u00e7o p\u00fablico e responsabiliza\u00e7\u00e3o criminal.<\/p>\n<p>O presidente do SINSEM, Jos\u00e9 Carlos Maia disse j\u00e1 estar ciente da decis\u00e3o e mesmo assim decidiu manter a greve. \u201cA greve vai continuar. J\u00e1 estamos sabendo da decis\u00e3o do desembargador, mas foi o pr\u00f3prio quem designou uma audi\u00eancia de concilia\u00e7\u00e3o agendada para o pr\u00f3ximo dia 21\u201d, diz Jos\u00e9 Carlos Maia.<\/p>\n<h4><strong>Prefeitura pede pris\u00e3o do presidente do Sinsem<\/strong><\/h4>\n<p>A prefeitura de Governador Valadares formalizou o pedido de pris\u00e3o do presidente do Sindicato dos Servidores Municipais (Sinsem\/GV), Jos\u00e9 Carlos Maia, na tarde desta sexta-feira, no Juizado Criminal da cidade. Protocolado pelo procurador geral do Munic\u00edpio, Schinyder Exupery Cardozo, o pedido foi feito em raz\u00e3o da decis\u00e3o do sindicato de manter a greve geral dos servidores do Hospital Municipal, mesmo com o Tribunal de Justi\u00e7a de Minas Gerais (TJMG) tendo considerado a ilegalidade da greve.<\/p>\n<p><img decoding=\"async\" src=\"http:\/\/aconteceunovale.com.br\/portal\/wp-content\/uploads\/2014\/05\/presidente_sinsem_gv_16_05.jpg\" alt=\"\" \/><em><strong>O presidente do Sinsem-GV disse que \u201catitude da prefeitura \u00e9 um ato arbitr\u00e1rio\u201d e que a greve vai continuar &#8211; Foto: Jack Zalcman<\/strong><\/em><br \/>\n<\/br><\/p>\n<p>\u201cRecebi esse posicionamento com muita surpresa. A administra\u00e7\u00e3o do munic\u00edpio \u00e9 do Partido dos Trabalhadores e diz que atua em prol dos trabalhadores tentar coibir uma greve desta maneira? A gente repudia essa criminaliza\u00e7\u00e3o de um ato que \u00e9 democr\u00e1tico\u201d, afirma o presidente do SINSEM.<\/p>\n<h4><strong>Nota de rep\u00fadio dos sindicatos<\/strong><\/h4>\n<p><em><strong>A greve \u00e9 um direito leg\u00edtimo de todos os trabalhadores. O movimento sindical manifesta apoio incondicional aos servidores municipais do Hospital, em greve desde o \u00faltimo dia 07\/05\/2014, lutando pela implementa\u00e7\u00e3o da jornada 12 x 36, por melhores sal\u00e1rios e condi\u00e7\u00f5es de trabalho.<\/p>\n<p>Manifestamos tamb\u00e9m apoio a dire\u00e7\u00e3o do Sinsem\/GV e nossa surpresa com o posicionamento da administra\u00e7\u00e3o municipal para com seus servidores e para o sindicato da categoria, eis que \u00e9 uma administra\u00e7\u00e3o do Partido dos Trabalhadores, que sempre propagou defender os interesses dos trabalhadores e a democracia.<\/p>\n<p>A categoria n\u00e3o teve outra sa\u00edda diante da intransig\u00eancia do Executivo Municipal em dialogar e do desrespeito aos trabalhadores. A greve \u00e9 um direito leg\u00edtimo de todos os trabalhadores.<\/p>\n<p>Diante disso manifestamos apoio aos servidores e Sinsem\/GV, apelamos para que o governo abra negocia\u00e7\u00e3o e repudiamos a criminaliza\u00e7\u00e3o do movimento e a trucul\u00eancia administrativa e judicial na tentativa de desmoralizar a greve.<\/p>\n<p>Assinam:<\/p>\n<p>&#8211; SAAENE &#8211; Sindicato dos Auxiliares de Administra\u00e7\u00e3o Escolar do Nordeste Mineiro<\/p>\n<p>&#8211; SECOM &#8211; Sindicato dos Empregados no Com\u00e9rcio de Governador Valadares<\/p>\n<p>&#8211; SINDEC\/MG &#8211; Sindicato dos Trabalhadores em Entidades Culturais e Recreativas de Minas Gerais<\/p>\n<p>&#8211; Sinpro Minas &#8211; Regional Governador Valadares<\/p>\n<p>&#8211; SINTICOM &#8211; Sindicado dos Trabalhadores nas Ind\u00fastrias da Constru\u00e7\u00e3o e do Mob. de GV<\/p>\n<p>&#8211; SAAEMG &#8211; Sindicato dos Auxiliares de Administra\u00e7\u00e3o Escolar MG<\/p>\n<p>&#8211; Uni\u00e3o Oper\u00e1ria de Governador Valadares<\/p>\n<p>&#8211; Sindieletro-MG &#8211; Sindicato dos Trabalhadores na Ind\u00fastria Energ\u00e9tica de Minas Gerais<\/p>\n<p>&#8211; Sintina &#8211; Sindicato dos Trabalhadores da Ind\u00fastria de Alimenta\u00e7\u00e3o de GV e Regi\u00e3o do Leste de Minas<\/p>\n<p>&#8211; Demais sindicatos combativos de Governador Valadares<\/strong><\/em><\/p>\n<p><strong>(Fonte: Inter TV dos Vales \/ Di\u00e1rio do Rio Doce)<\/strong><\/p>\n","protected":false},"excerpt":{"rendered":"<p>O desembargador Beliz\u00e1rio de Lacerda determinou que a greve dos servidores do Hospital Municipal em Governador Valadares, no Leste de Minas Gerais, que paralisaram as atividades desde o dia 7 deste m\u00eas, \u00e9 ilegal. Em caso de descumprimento, ser\u00e1 aplicada multa di\u00e1ria no valor de R$ 50 mil a ser paga pelo Sindicato dos Servidores [&hellip;]<\/p>\n","protected":false},"author":1,"featured_media":29149,"comment_status":"open","ping_status":"closed","sticky":false,"template":"","format":"standard","meta":{"amp_status":"","footnotes":""},"categories":[121],"tags":[1018,247,7307,7599],"class_list":["post-29148","post","type-post","status-publish","format-standard","has-post-thumbnail","hentry","category-leste","tag-destaque","tag-governador-valadares","tag-greve-dos-servidores-do-hospital-municipal-de-governador-valadares","tag-justica-diz-que-greve-dos-servidores-do-hospital-de-valadares-e-ilegal-e-determina-multa-diaria-de-r-50-mil"],"_links":{"self":[{"href":"https:\/\/aconteceunovale.com.br\/portal\/index.php?rest_route=\/wp\/v2\/posts\/29148","targetHints":{"allow":["GET"]}}],"collection":[{"href":"https:\/\/aconteceunovale.com.br\/portal\/index.php?rest_route=\/wp\/v2\/posts"}],"about":[{"href":"https:\/\/aconteceunovale.com.br\/portal\/index.php?rest_route=\/wp\/v2\/types\/post"}],"author":[{"embeddable":true,"href":"https:\/\/aconteceunovale.com.br\/portal\/index.php?rest_route=\/wp\/v2\/users\/1"}],"replies":[{"embeddable":true,"href":"https:\/\/aconteceunovale.com.br\/portal\/index.php?rest_route=%2Fwp%2Fv2%2Fcomments&post=29148"}],"version-history":[{"count":0,"href":"https:\/\/aconteceunovale.com.br\/portal\/index.php?rest_route=\/wp\/v2\/posts\/29148\/revisions"}],"wp:featuredmedia":[{"embeddable":true,"href":"https:\/\/aconteceunovale.com.br\/portal\/index.php?rest_route=\/wp\/v2\/media\/29149"}],"wp:attachment":[{"href":"https:\/\/aconteceunovale.com.br\/portal\/index.php?rest_route=%2Fwp%2Fv2%2Fmedia&parent=29148"}],"wp:term":[{"taxonomy":"category","embeddable":true,"href":"https:\/\/aconteceunovale.com.br\/portal\/index.php?rest_route=%2Fwp%2Fv2%2Fcategories&post=29148"},{"taxonomy":"post_tag","embeddable":true,"href":"https:\/\/aconteceunovale.com.br\/portal\/index.php?rest_route=%2Fwp%2Fv2%2Ftags&post=29148"}],"curies":[{"name":"wp","href":"https:\/\/api.w.org\/{rel}","templated":true}]}}