{"id":29104,"date":"2014-05-16T17:35:18","date_gmt":"2014-05-16T20:35:18","guid":{"rendered":"http:\/\/aconteceunovale.com.br\/portal\/?p=29104"},"modified":"2014-05-16T17:35:18","modified_gmt":"2014-05-16T20:35:18","slug":"sedinor-e-idene-analisam-acoes-e-lancam-plano-estrategico-de-integracao-do-norte-e-nordeste","status":"publish","type":"post","link":"https:\/\/aconteceunovale.com.br\/portal\/?p=29104","title":{"rendered":"Sedinor e Idene analisam a\u00e7\u00f5es e lan\u00e7am Plano Estrat\u00e9gico de Integra\u00e7\u00e3o do Norte e Nordeste"},"content":{"rendered":"<h4><strong>Encontro com os Servidores do Sistema Sedinor\/Idene reuniu, ainda, principais gestores e diretores regionais nesta sexta-feira (16\/05), na Cidade Administrativa<\/strong><\/h4>\n<p><img decoding=\"async\" src=\"http:\/\/aconteceunovale.com.br\/portal\/wp-content\/uploads\/2014\/05\/sedinor-e-idene-analisam-acoes-e-lancam-plano-estrategico-de-integracao-do-norte-e-nordeste.jpg\" alt=\"\" \/><em><strong>O secret\u00e1rio Raimundo Benoni Franco destacou a import\u00e2ncia da equipe multidisciplinar para o alcance dos objetivos tra\u00e7ados para mudar a realidade do Norte e Nordeste de Minas &#8211; Foto: Divulga\u00e7\u00e3o<\/strong><\/em><br \/>\n<\/br><\/p>\n<p>A Secretaria de Estado de Desenvolvimento e Integra\u00e7\u00e3o do Norte e Nordeste de Minas Gerais (Sedinor) e o Instituto de Desenvolvimento do Norte e Nordeste de Minas Gerais (Idene) promoveram, nesta sexta-feira (16\/05), na Cidade Administrativa Presidente Tancredo Neves, em Belo Horizonte, o Encontro com os Servidores do Sistema Sedinor\/Idene.<\/p>\n<p>O objetivo foi avaliar os desafios e resultados dos principais programas, como \u00c1gua para Todos, Leite pela Vida e Travessia Nota 10, analisar o quadro climatol\u00f3gico de 2014 para as regi\u00f5es atendidas e lan\u00e7ar o Plano Estrat\u00e9gico de Integra\u00e7\u00e3o do Norte e Nordeste de Minas Gerais (PESI-NNE), que visa apontar diretrizes de planejamento das a\u00e7\u00f5es p\u00fablicas nessas regi\u00f5es, a m\u00e9dio e longo prazos.<\/p>\n<p>Conduzido pelo secret\u00e1rio de Estado Raimundo Benoni Franco, sob a forma de conversa e din\u00e2mica de grupo, com possibilidade de participa\u00e7\u00e3o geral, o evento reuniu os servidores da sede e os gestores da Secretaria e do seu bra\u00e7o operacional (Idene), incluindo os diretores regionais, no Audit\u00f3rio Juscelino Kubitschek. Tamb\u00e9m participaram do evento o secret\u00e1rio-adjunto de Estado da Sedinor, Bruno Alencar, e o diretor-geral do Idene, Samir Carvalho Moys\u00e9s.<\/p>\n<h4><strong>Meta tra\u00e7ada<\/strong><\/h4>\n<p>\u201cAs pessoas s\u00e3o os mais importantes \u2018elementos\u2019 do evento e do Sistema Sedinor\/Idene, para alcan\u00e7armos a nossa meta de mudar a realidade dos vales do Jequitinhonha, Mucuri, Rio Doce e do Norte de Minas, por meio do desenvolvimento sustent\u00e1vel. Por isso, queremos incentivar que cada servidor sinta-se part\u00edcipe desse caminho a ser percorrido. Bom que tenhamos equipe multidisciplinar, que dever\u00e1 enxergar a regi\u00e3o a partir do olhar dos seus moradores\u201d, afirmou Raimundo Benoni, que exp\u00f4s a sua vis\u00e3o quanto ao aspecto organizacional para 2014 e o legado que pretende deixar na Secretaria.<\/p>\n<p>O secret\u00e1rio Raimundo Benoni destacou, ainda, que o significado e a miss\u00e3o da Sedinor s\u00e3o claros: \u201cPrecisamos elevar o \u00cdndice de Desenvolvimento Humano (IDH) dos 258 munic\u00edpios do Norte e Nordeste do Estado, reduzindo desigualdades para alcan\u00e7ar indicadores de qualidade de vida superiores \u00e0 m\u00e9dia nacional, por meio de a\u00e7\u00f5es que envolvam sinergias para interven\u00e7\u00f5es estruturantes junto a outras secretarias e outros \u00f3rg\u00e3os estaduais, como Setop, SEE, SES, Sedru e Sedese, al\u00e9m da iniciativa privada\u201d, refor\u00e7ou.<\/p>\n<h4><strong>Gera\u00e7\u00e3o de renda<\/strong><\/h4>\n<p>Atuar para promover o desenvolvimento e a gera\u00e7\u00e3o de renda per capita \u00e9 outro objeto tra\u00e7ado pelo Governo de Minas, por meio da Sedinor. \u201cEsse ser\u00e1 o foco do trabalho para as regi\u00f5es da \u00e1rea de abrang\u00eancia da Secretaria\u201d, explicou Benoni, que citou tamb\u00e9m os principais programas que apontam nessa perspectiva: o \u00c1gua para Todos, cuja meta \u00e9 promover a universaliza\u00e7\u00e3o do acesso \u00e0 \u00e1gua, pressuposto e fator de est\u00edmulo \u00e0 amplia\u00e7\u00e3o das cadeias produtivas em geral, trazendo maior dinamismo econ\u00f4mico \u00e0 regi\u00e3o; o Leite pela Vida, que atua nos eixos b\u00e1sicos de redu\u00e7\u00e3o da vulnerabilidade social, combatendo a fome e a desnutri\u00e7\u00e3o entre gestantes, nutrizes, crian\u00e7as e idosos, al\u00e9m do est\u00edmulo \u00e0 cadeia produtiva do leite, incluindo a agricultura familiar; e o Travessia Nota 10, que tem o objetivo de erradicar o analfabetismo entre jovens, adultos e idosos, a fim de abrir as possibilidades do mundo da educa\u00e7\u00e3o. (Ag\u00eancia Minas)<\/p>\n","protected":false},"excerpt":{"rendered":"<p>Encontro com os Servidores do Sistema Sedinor\/Idene reuniu, ainda, principais gestores e diretores regionais nesta sexta-feira (16\/05), na Cidade Administrativa O secret\u00e1rio Raimundo Benoni Franco destacou a import\u00e2ncia da equipe multidisciplinar para o alcance dos objetivos tra\u00e7ados para mudar a realidade do Norte e Nordeste de Minas &#8211; Foto: Divulga\u00e7\u00e3o A Secretaria de Estado de [&hellip;]<\/p>\n","protected":false},"author":1,"featured_media":29105,"comment_status":"open","ping_status":"closed","sticky":false,"template":"","format":"standard","meta":{"amp_status":"","footnotes":""},"categories":[123],"tags":[7585,7584],"class_list":["post-29104","post","type-post","status-publish","format-standard","has-post-thumbnail","hentry","category-gerais","tag-plano-estrategico-de-integracao-do-norte-e-nordeste-de-minas","tag-sedinor-e-idene-analisam-acoes-e-lancam-plano-estrategico-de-integracao-do-norte-e-nordeste"],"_links":{"self":[{"href":"https:\/\/aconteceunovale.com.br\/portal\/index.php?rest_route=\/wp\/v2\/posts\/29104","targetHints":{"allow":["GET"]}}],"collection":[{"href":"https:\/\/aconteceunovale.com.br\/portal\/index.php?rest_route=\/wp\/v2\/posts"}],"about":[{"href":"https:\/\/aconteceunovale.com.br\/portal\/index.php?rest_route=\/wp\/v2\/types\/post"}],"author":[{"embeddable":true,"href":"https:\/\/aconteceunovale.com.br\/portal\/index.php?rest_route=\/wp\/v2\/users\/1"}],"replies":[{"embeddable":true,"href":"https:\/\/aconteceunovale.com.br\/portal\/index.php?rest_route=%2Fwp%2Fv2%2Fcomments&post=29104"}],"version-history":[{"count":0,"href":"https:\/\/aconteceunovale.com.br\/portal\/index.php?rest_route=\/wp\/v2\/posts\/29104\/revisions"}],"wp:featuredmedia":[{"embeddable":true,"href":"https:\/\/aconteceunovale.com.br\/portal\/index.php?rest_route=\/wp\/v2\/media\/29105"}],"wp:attachment":[{"href":"https:\/\/aconteceunovale.com.br\/portal\/index.php?rest_route=%2Fwp%2Fv2%2Fmedia&parent=29104"}],"wp:term":[{"taxonomy":"category","embeddable":true,"href":"https:\/\/aconteceunovale.com.br\/portal\/index.php?rest_route=%2Fwp%2Fv2%2Fcategories&post=29104"},{"taxonomy":"post_tag","embeddable":true,"href":"https:\/\/aconteceunovale.com.br\/portal\/index.php?rest_route=%2Fwp%2Fv2%2Ftags&post=29104"}],"curies":[{"name":"wp","href":"https:\/\/api.w.org\/{rel}","templated":true}]}}