{"id":29101,"date":"2014-05-16T17:24:40","date_gmt":"2014-05-16T20:24:40","guid":{"rendered":"http:\/\/aconteceunovale.com.br\/portal\/?p=29101"},"modified":"2014-05-16T17:30:42","modified_gmt":"2014-05-16T20:30:42","slug":"preso-com-quadrilha-que-explodiu-caixa-eletronico-em-santa-maria-de-itabira-e-solto-por-falta-de-provas","status":"publish","type":"post","link":"https:\/\/aconteceunovale.com.br\/portal\/?p=29101","title":{"rendered":"Preso com quadrilha que explodiu caixa eletr\u00f4nico em Santa Maria de Itabira \u00e9 solto por falta de provas"},"content":{"rendered":"<p>Ap\u00f3s ficar preso acusado de ser um dos integrantes do grupo que assaltou o Bradesco em Santa Maria de Itabira, Eur\u00edpedes de Almeida Fernandes, 29 anos, foi liberado na tarde dessa quinta-feira, 15 de maio, por falta de provas. Ele \u00e9 morador de S\u00e3o Sebasti\u00e3o do Rio Preto e se diz traumatizado.<\/p>\n<p>Eur\u00edpedes, que mora com a m\u00e3e e dois irm\u00e3os, \u00e9 vendedor ambulante de camisas de times. Conhecido como Pretinho, ele contou que no dia em que foi conduzido, estava voltando da casa de um parente. O rapaz foi abordado por policiais, que o averiguaram e o liberaram. Depois, ele foi para a casa de um amigo e, ap\u00f3s 15 minutos, militares o chamaram novamente e disseram que seria apenas para averigua\u00e7\u00e3o. \u201cS\u00f3 que eu tive que acompanh\u00e1-los e, quando subi, disseram que tinha praticamente certeza de que eu participei do roubo por causa da minha camisa.<\/p>\n<p><img decoding=\"async\" src=\"http:\/\/aconteceunovale.com.br\/portal\/wp-content\/uploads\/2014\/05\/preso_injustamente_quadrilha_smi.jpg\" alt=\"\" \/><strong><em>Eur\u00edpedes diz que j\u00e1 sente na pele o peso do preconceito &#8211; Foto: Divulga\u00e7\u00e3o<\/em><\/strong><br \/>\n<\/br><\/p>\n<p>Desde o dia da pris\u00e3o, Eur\u00edpedes sustentou que era inocente. Mas, mesmo assim, ficou preso dois dias e meio. Procurado pela reportagem, o comandante do 26\u00ba Batalh\u00e3o da Pol\u00edcia Militar de Itabira, tenente-coronel J\u00falio Maria Ab\u00edlio, afirmou que Eur\u00edpedes havia sido preso por acusa\u00e7\u00e3o de ter tentado furtar um cavalo.<\/p>\n<p>No entanto, o delegado da Pol\u00edcia Civil, Juliano Alencar, afirmou que pode ter havido uma confus\u00e3o, j\u00e1 que o acusado de tentar furtar o cavalo vestia uma camisa do Cruzeiro, assim como Eur\u00edpedes. \u201cN\u00e3o houve elementos probat\u00f3rios suficientes para ratificar a pris\u00e3o\u201d, comentou o delegado.<\/p>\n<h4><strong>Trauma<\/strong><\/h4>\n<p>De acordo com Eur\u00edpedes, fam\u00edlia e amigos se mobilizaram para provar sua inoc\u00eancia. Por meio de vereadores, um advogado foi contratado para defend\u00ea-lo. \u201cEles correram atr\u00e1s porque sabem que n\u00e3o mexo com nada de errado\u201d. Para ele, ser acusado de um crime que n\u00e3o cometeu causou tortura psicol\u00f3gica e priva\u00e7\u00f5es.<\/p>\n<p>Eur\u00edpedes diz que j\u00e1 sente na pele o peso do preconceito e acredita que seu futuro profissional pode at\u00e9 mesmo ser comprometido. \u201cA experi\u00eancia foi muito ruim. Eu estava no lugar errado na hora errada. Estou com muito trauma. Vai ser dif\u00edcil at\u00e9 de arrumar emprego\u201d. (DeFato Online)<\/p>\n","protected":false},"excerpt":{"rendered":"<p>Ap\u00f3s ficar preso acusado de ser um dos integrantes do grupo que assaltou o Bradesco em Santa Maria de Itabira, Eur\u00edpedes de Almeida Fernandes, 29 anos, foi liberado na tarde dessa quinta-feira, 15 de maio, por falta de provas. Ele \u00e9 morador de S\u00e3o Sebasti\u00e3o do Rio Preto e se diz traumatizado. Eur\u00edpedes, que mora [&hellip;]<\/p>\n","protected":false},"author":1,"featured_media":29102,"comment_status":"open","ping_status":"closed","sticky":false,"template":"","format":"standard","meta":{"amp_status":"","footnotes":""},"categories":[123],"tags":[1018,7583,7581,1738,7582],"class_list":["post-29101","post","type-post","status-publish","format-standard","has-post-thumbnail","hentry","category-gerais","tag-destaque","tag-euripedes-de-almeida-fernandes","tag-preso-com-quadrilha-que-explodiu-caixa-eletronico-em-santa-maria-de-itabira-e-solto-por-falta-de-provas","tag-santa-maria-de-itabira","tag-sao-sebastiao-do-rio-preto"],"_links":{"self":[{"href":"https:\/\/aconteceunovale.com.br\/portal\/index.php?rest_route=\/wp\/v2\/posts\/29101","targetHints":{"allow":["GET"]}}],"collection":[{"href":"https:\/\/aconteceunovale.com.br\/portal\/index.php?rest_route=\/wp\/v2\/posts"}],"about":[{"href":"https:\/\/aconteceunovale.com.br\/portal\/index.php?rest_route=\/wp\/v2\/types\/post"}],"author":[{"embeddable":true,"href":"https:\/\/aconteceunovale.com.br\/portal\/index.php?rest_route=\/wp\/v2\/users\/1"}],"replies":[{"embeddable":true,"href":"https:\/\/aconteceunovale.com.br\/portal\/index.php?rest_route=%2Fwp%2Fv2%2Fcomments&post=29101"}],"version-history":[{"count":0,"href":"https:\/\/aconteceunovale.com.br\/portal\/index.php?rest_route=\/wp\/v2\/posts\/29101\/revisions"}],"wp:featuredmedia":[{"embeddable":true,"href":"https:\/\/aconteceunovale.com.br\/portal\/index.php?rest_route=\/wp\/v2\/media\/29102"}],"wp:attachment":[{"href":"https:\/\/aconteceunovale.com.br\/portal\/index.php?rest_route=%2Fwp%2Fv2%2Fmedia&parent=29101"}],"wp:term":[{"taxonomy":"category","embeddable":true,"href":"https:\/\/aconteceunovale.com.br\/portal\/index.php?rest_route=%2Fwp%2Fv2%2Fcategories&post=29101"},{"taxonomy":"post_tag","embeddable":true,"href":"https:\/\/aconteceunovale.com.br\/portal\/index.php?rest_route=%2Fwp%2Fv2%2Ftags&post=29101"}],"curies":[{"name":"wp","href":"https:\/\/api.w.org\/{rel}","templated":true}]}}